{"id":14791,"date":"2019-11-14T11:10:30","date_gmt":"2019-11-14T09:10:30","guid":{"rendered":"https:\/\/www.greenfieldresidence.ro\/baneasa\/2019\/11\/14\/cum-am-amenajat-un-apartament-de-2-camere-in-greenfield-in-stil-scandinav\/"},"modified":"2022-04-12T14:39:19","modified_gmt":"2022-04-12T11:39:19","slug":"cum-am-amenajat-un-apartament-de-2-camere-in-greenfield-in-stil-scandinav","status":"publish","type":"post","link":"https:\/\/www.greenfieldresidence.ro\/baneasa\/blog\/cum-am-amenajat-un-apartament-de-2-camere-in-greenfield-in-stil-scandinav\/","title":{"rendered":"Cum am amenajat un apartament de 2 camere \u00een Greenfield, \u00een stil scandinav"},"content":{"rendered":"<p>Atunci c\u00e2nd sim\u021bi c\u0103 nu mai ai loc \u00een cas\u0103, c\u0103 30-40-50 mp nu \u00ee\u021bi ajung pentru tot ce ai vrea de la un apartament, e timpul s\u0103 iei o pauz\u0103 \u0219i s\u0103 \u00eencepi reorganizarea spa\u021biului.<\/p>\n<p>Po\u021bi \u00eencepe cu o simpl\u0103 aranjare a spa\u021biului \u0219i o \u00eendep\u0103rtare a acelor elemente care ocup\u0103 loc \u0219i pe care nu le mai folose\u0219ti de ceva timp.<\/p>\n<p>Po\u021bi alege o redecorare complet\u0103 a apartamentului \u0219i atunci te po\u021bi inspira din felul \u00een care am amenajat \u00een Greenfield un <a href=\"https:\/\/www.greenfieldresidence.ro\/baneasa\/apartamente\/2-camere-76-mp-tip-5\/\">apartament de 2 camere<\/a>, cu zon\u0103 de buc\u0103t\u0103rie, living, terasa, un dormitor elegant, spa\u021biu de relaxare, ba chiar \u0219i un spa\u021biu de birou. Amenajat\u0103 inteligent, orice cas\u0103, oric\u00e2t de mic\u0103, poate deveni \u00eenc\u0103p\u0103toare.<\/p>\n<p>&nbsp;<\/p>\n<p><b>Locuitorul tipic din Greenfield iube\u0219te natura.<\/b><\/p>\n<p>&nbsp;<\/p>\n<p>A\u0219a c\u0103 am ales un ambient natural \u0219i lini\u0219titor pentru decorare, inspirat din stilul scandinav. <i><b>Lemn natural, bumbac, fibre naturale<\/b><\/i> \u00een tonuri neutre de bej, alb \u0219i gri, le vom reg\u0103si peste tot \u00een interiorul apartamentului de 2 camere. \u00cen unele cazuri, materialele \u0219i diferitele obiecte din cas\u0103 sunt completate prin desene fine, inspirate din natur\u0103: <b><i>frunze, flori, pene sau copaci.\u00a0<\/i><\/b><\/p>\n<p>&nbsp;<\/p>\n<p><b>Intrarea \u00een apartament <\/b>se face prin camera de zi. \u0218i chiar la intrare ai un spa\u021biu amenajat pentru haine, genti \u0219i \u00eenc\u0103l\u021b\u0103minte.<\/p>\n<p><img fetchpriority=\"high\" decoding=\"async\" class=\"alignnone\" style=\"width: 891px;\" src=\"https:\/\/www.greenfieldresidence.ro\/baneasa\/wp-content\/uploads\/2021\/03\/SH_9.jpg\" alt=\"amenajare interior apartament greenfield Residence\" width=\"3000\" height=\"2002\" \/><\/p>\n<p>Urmeaz\u0103 <b>camera de zi<\/b>, unde reg\u0103sim culorile naturii, plante, flori \u0219i nuan\u021be pastelate, care te relaxeaz\u0103 \u0219i te binedispun.<br \/>\n<b><br \/>\nSfatul designerului de interior: folose\u0219te textile!<br \/>\n<\/b>Alege pernu\u021be colorate \u0219i confortabile, , pentru serile c\u00e2nd vrei s\u0103 te relaxezi, s\u0103 leneve\u0219ti \u00een fata televizorului urm\u0103rind un documentar \u0219i savur\u00e2nd o can\u0103 de cacao fierbinte.<\/p>\n<p>Folose\u0219te piese de mobilier (dulapuri) cu oglinzi \u00eencorporate pe u\u0219i, si vei crea senza\u021bia de mai mult spa\u021biu.<\/p>\n<p><img decoding=\"async\" class=\"alignnone\" style=\"width: 908px;\" src=\"https:\/\/www.greenfieldresidence.ro\/baneasa\/wp-content\/uploads\/2021\/03\/13.jpg\" alt=\"Design interior imobiliare\" width=\"3000\" height=\"2002\" \/><\/p>\n<p>&nbsp;<\/p>\n<p>Tot \u00een zona camerei de zi, se poate amenaja<b> un birou perfect func\u021bional<\/b> pentru zilele c\u00e2nd lucrezi de acas\u0103.<\/p>\n<p><img decoding=\"async\" class=\"alignnone\" style=\"width: 25%; float: left;\" src=\"https:\/\/www.greenfieldresidence.ro\/baneasa\/wp-content\/uploads\/2021\/03\/17.jpg\" alt=\"amenajare bucatarie intr-un apartament din Bucuresti Nord\" width=\"2002\" height=\"3000\" \/><\/p>\n<p>\u00cen apropierea ferestrei, descoperim o alt\u0103<b> zon\u0103 ideal\u0103 pentru relaxare,<\/b> pentru zilele c\u00e2nd vrei s\u0103 te cuib\u0103re\u0219ti \u00een fotoliul preferat, s\u0103 tragi peste tine o p\u0103turic\u0103 pufoas\u0103 \u0219i s\u0103 cite\u0219ti ultima carte cump\u0103rat\u0103.<\/p>\n<p>Din buc\u0103t\u0103rie avem acces pe <b>balcon<\/b>, spa\u021biu cochet tocmai bun pentru a savura cafeaua \u00een aerul r\u0103coros al dimine\u021bii \u0219i acompaniat de ciripitul p\u0103s\u0103rilor din P\u0103durea B\u0103neasa.<\/p>\n<p>Nu ai nevoie de prea multe lucruri aici, o m\u0103su\u021b\u0103 \u0219i dou\u0103 scaune pliabile, pot fi un \u00eenceput bun pentru amenajarea terasei.<\/p>\n<p>&nbsp;<\/p>\n<p><b>\u00cen buc\u0103t\u0103rie <\/b>spa\u021biul este utilizat la maxim. Avem blat \u0219i electrocasnice \u00eencorporate dintr-o parte \u00een alta a camerei, dar \u0219i o m\u0103su\u021b\u0103 pliabil\u0103 \u0219i dou\u0103 scaune.<\/p>\n<p>&nbsp;<\/p>\n<p><b>Pentru dormitor<\/b> au fost alese nuan\u021be de albastru marin al\u0103turi de acel alb\u0103strui cenu\u0219iu pe care \u00eel avem \u0219i \u00een camera de zi. Spa\u021biul de dormit este suficient de mare \u00eenc\u00e2t s\u0103 aib\u0103 loc de un pat dublu, dou\u0103, noptiere, un dupal de haine \u0219i un suport pentru rochii sau sacouri.<\/p>\n<p>&nbsp;<\/p>\n<p><b>Valorific\u0103 la maxim orice spa\u021biu<\/b>, chiar \u0219i \u00een dormitor! Alege un cadru de pat ce are propriul spa\u021biu de depozitare.<\/p>\n<p><img decoding=\"async\" style=\"width: 925px;\" src=\"https:\/\/www.greenfieldresidence.ro\/baneasa\/wp-content\/uploads\/2021\/03\/25_dormitor in Greenfield.jpg\" \/><\/p>\n<p>Ultima, dar nu cea din urm\u0103, este<b> baia<\/b>.<br \/>\nNuan\u021bele de bej de la gresie \u0219i faian\u021b\u0103 ne-au inspirat s\u0103 alegem mobilier din lemn, alt element natural care face leg\u0103tura cu apropierea de natur\u0103.<br \/>\nAm completat paleta de culori cu acela\u0219i albastru pe care \u00eel reg\u0103sim \u0219i \u00een dormitor, av\u00e2nd astfel o unitate \u0219i o armonie \u00een culori \u0219i elemente.<\/p>\n<p><img loading=\"lazy\" decoding=\"async\" class=\"alignnone\" style=\"width: 942px;\" src=\"https:\/\/www.greenfieldresidence.ro\/baneasa\/wp-content\/uploads\/2021\/03\/28_baie in greenfield.jpg\" alt=\"baie apartament cu 2 camere Bucuresti Nord\" width=\"3000\" height=\"2002\" \/><\/p>\n<p>S\u0103 g\u0103se\u0219ti \u0219i s\u0103 amenajezi spa\u021biul, casa, care te reprezint\u0103 nu este at\u00e2t de greu pe c\u00e2t pare. Po\u021bi \u00eencepe cu un <i><b>visual story board<\/b><\/i> \u00een care s\u0103 aduni toate elementele pe care ai dori s\u0103 le con\u021bin\u0103 locuin\u021ba ta. Vor fi probabil prea multe, dar puse una l\u00e2ng\u0103 alta vei vedea care \u0219i cum se potrivesc mai bine, \u0219i vei reu\u0219i s\u0103 \u00ee\u021bi organizezi mai bine visele \u0219i dorin\u021bele.<\/p>\n<p>&nbsp;<\/p>\n<p>Noi \u00ee\u021bi ur\u0103m spor \u00een decorare \u0219i te invit\u0103m s\u0103 vezi cum un spa\u021biu mic, poate deveni un spa\u021biu mare!<\/p>\n<p><b>Hai s\u0103 vezi showroom-ul Greenfield.\u00a0<\/b><\/p>\n<p><b>Mobilierul \u0219i accesoriile sunt IKEA, a\u0219a c\u0103 nu ne sup\u0103r\u0103m dac\u0103 ne \u00eemprumu\u021bi ideile! \ud83d\ude42<\/b><\/p>\n<div><\/div>\n","protected":false},"excerpt":{"rendered":"<p>Atunci c\u00e2nd sim\u021bi c\u0103 nu mai ai loc \u00een cas\u0103, c\u0103 30-40-50 mp nu \u00ee\u021bi ajung pentru tot ce ai vrea de la..<\/p>\n","protected":false},"author":6,"featured_media":14789,"comment_status":"open","ping_status":"open","sticky":false,"template":"","format":"standard","meta":{"_acf_changed":false,"footnotes":""},"categories":[3608],"tags":[],"class_list":["post-14791","post","type-post","status-publish","format-standard","has-post-thumbnail","hentry","category-blog"],"acf":[],"yoast_head":"<!-- This site is optimized with the Yoast SEO plugin v27.2 - https:\/\/yoast.com\/product\/yoast-seo-wordpress\/ -->\n<title>Cum am amenajat un apartament de 2 camere \u00een Greenfield, \u00een stil scandinav - Greenfield B\u0103neasa<\/title>\n<meta name=\"robots\" content=\"index, follow, max-snippet:-1, max-image-preview:large, max-video-preview:-1\" \/>\n<link rel=\"canonical\" href=\"https:\/\/www.greenfieldresidence.ro\/baneasa\/blog\/cum-am-amenajat-un-apartament-de-2-camere-in-greenfield-in-stil-scandinav\/\" \/>\n<meta property=\"og:locale\" content=\"ro_RO\" \/>\n<meta property=\"og:type\" content=\"article\" \/>\n<meta property=\"og:title\" content=\"Cum am amenajat un apartament de 2 camere \u00een Greenfield, \u00een stil scandinav - Greenfield B\u0103neasa\" \/>\n<meta property=\"og:description\" content=\"Atunci c\u00e2nd sim\u021bi c\u0103 nu mai ai loc \u00een cas\u0103, c\u0103 30-40-50 mp nu \u00ee\u021bi ajung pentru tot ce ai vrea de la..\" \/>\n<meta property=\"og:url\" content=\"https:\/\/www.greenfieldresidence.ro\/baneasa\/blog\/cum-am-amenajat-un-apartament-de-2-camere-in-greenfield-in-stil-scandinav\/\" \/>\n<meta property=\"og:site_name\" content=\"Greenfield B\u0103neasa\" \/>\n<meta property=\"article:published_time\" content=\"2019-11-14T09:10:30+00:00\" \/>\n<meta property=\"article:modified_time\" content=\"2022-04-12T11:39:19+00:00\" \/>\n<meta property=\"og:image\" content=\"https:\/\/www.greenfieldresidence.ro\/baneasa\/wp-content\/uploads\/2021\/03\/SH_1-1-scaled.jpg\" \/>\n\t<meta property=\"og:image:width\" content=\"2560\" \/>\n\t<meta property=\"og:image:height\" content=\"1708\" \/>\n\t<meta property=\"og:image:type\" content=\"image\/jpeg\" \/>\n<meta name=\"author\" content=\"editor Mgc5\" \/>\n<meta name=\"twitter:card\" content=\"summary_large_image\" \/>\n<meta name=\"twitter:label1\" content=\"Scris de\" \/>\n\t<meta name=\"twitter:data1\" content=\"editor Mgc5\" \/>\n\t<meta name=\"twitter:label2\" content=\"Timp estimat pentru citire\" \/>\n\t<meta name=\"twitter:data2\" content=\"4 minute\" \/>\n<script type=\"application\/ld+json\" class=\"yoast-schema-graph\">{\"@context\":\"https:\/\/schema.org\",\"@graph\":[{\"@type\":\"Article\",\"@id\":\"https:\/\/www.greenfieldresidence.ro\/baneasa\/blog\/cum-am-amenajat-un-apartament-de-2-camere-in-greenfield-in-stil-scandinav\/#article\",\"isPartOf\":{\"@id\":\"https:\/\/www.greenfieldresidence.ro\/baneasa\/blog\/cum-am-amenajat-un-apartament-de-2-camere-in-greenfield-in-stil-scandinav\/\"},\"author\":{\"name\":\"editor Mgc5\",\"@id\":\"https:\/\/www.greenfieldresidence.ro\/baneasa\/#\/schema\/person\/c70eaf1bde8fe0a9c885649f5363a754\"},\"headline\":\"Cum am amenajat un apartament de 2 camere \u00een Greenfield, \u00een stil scandinav\",\"datePublished\":\"2019-11-14T09:10:30+00:00\",\"dateModified\":\"2022-04-12T11:39:19+00:00\",\"mainEntityOfPage\":{\"@id\":\"https:\/\/www.greenfieldresidence.ro\/baneasa\/blog\/cum-am-amenajat-un-apartament-de-2-camere-in-greenfield-in-stil-scandinav\/\"},\"wordCount\":750,\"commentCount\":0,\"publisher\":{\"@id\":\"https:\/\/www.greenfieldresidence.ro\/baneasa\/#organization\"},\"image\":{\"@id\":\"https:\/\/www.greenfieldresidence.ro\/baneasa\/blog\/cum-am-amenajat-un-apartament-de-2-camere-in-greenfield-in-stil-scandinav\/#primaryimage\"},\"thumbnailUrl\":\"https:\/\/www.greenfieldresidence.ro\/baneasa\/wp-content\/uploads\/2021\/03\/SH_1-1-scaled.jpg\",\"articleSection\":[\"Blog\"],\"inLanguage\":\"ro-RO\",\"potentialAction\":[{\"@type\":\"CommentAction\",\"name\":\"Comment\",\"target\":[\"https:\/\/www.greenfieldresidence.ro\/baneasa\/blog\/cum-am-amenajat-un-apartament-de-2-camere-in-greenfield-in-stil-scandinav\/#respond\"]}]},{\"@type\":\"WebPage\",\"@id\":\"https:\/\/www.greenfieldresidence.ro\/baneasa\/blog\/cum-am-amenajat-un-apartament-de-2-camere-in-greenfield-in-stil-scandinav\/\",\"url\":\"https:\/\/www.greenfieldresidence.ro\/baneasa\/blog\/cum-am-amenajat-un-apartament-de-2-camere-in-greenfield-in-stil-scandinav\/\",\"name\":\"Cum am amenajat un apartament de 2 camere \u00een Greenfield, \u00een stil scandinav - Greenfield B\u0103neasa\",\"isPartOf\":{\"@id\":\"https:\/\/www.greenfieldresidence.ro\/baneasa\/#website\"},\"primaryImageOfPage\":{\"@id\":\"https:\/\/www.greenfieldresidence.ro\/baneasa\/blog\/cum-am-amenajat-un-apartament-de-2-camere-in-greenfield-in-stil-scandinav\/#primaryimage\"},\"image\":{\"@id\":\"https:\/\/www.greenfieldresidence.ro\/baneasa\/blog\/cum-am-amenajat-un-apartament-de-2-camere-in-greenfield-in-stil-scandinav\/#primaryimage\"},\"thumbnailUrl\":\"https:\/\/www.greenfieldresidence.ro\/baneasa\/wp-content\/uploads\/2021\/03\/SH_1-1-scaled.jpg\",\"datePublished\":\"2019-11-14T09:10:30+00:00\",\"dateModified\":\"2022-04-12T11:39:19+00:00\",\"breadcrumb\":{\"@id\":\"https:\/\/www.greenfieldresidence.ro\/baneasa\/blog\/cum-am-amenajat-un-apartament-de-2-camere-in-greenfield-in-stil-scandinav\/#breadcrumb\"},\"inLanguage\":\"ro-RO\",\"potentialAction\":[{\"@type\":\"ReadAction\",\"target\":[\"https:\/\/www.greenfieldresidence.ro\/baneasa\/blog\/cum-am-amenajat-un-apartament-de-2-camere-in-greenfield-in-stil-scandinav\/\"]}]},{\"@type\":\"ImageObject\",\"inLanguage\":\"ro-RO\",\"@id\":\"https:\/\/www.greenfieldresidence.ro\/baneasa\/blog\/cum-am-amenajat-un-apartament-de-2-camere-in-greenfield-in-stil-scandinav\/#primaryimage\",\"url\":\"https:\/\/www.greenfieldresidence.ro\/baneasa\/wp-content\/uploads\/2021\/03\/SH_1-1-scaled.jpg\",\"contentUrl\":\"https:\/\/www.greenfieldresidence.ro\/baneasa\/wp-content\/uploads\/2021\/03\/SH_1-1-scaled.jpg\",\"width\":2560,\"height\":1708,\"caption\":\"exemplu de amenajare interioara pentru un apartament de 2 camere din Bucuresti Nord\"},{\"@type\":\"BreadcrumbList\",\"@id\":\"https:\/\/www.greenfieldresidence.ro\/baneasa\/blog\/cum-am-amenajat-un-apartament-de-2-camere-in-greenfield-in-stil-scandinav\/#breadcrumb\",\"itemListElement\":[{\"@type\":\"ListItem\",\"position\":1,\"name\":\"Home\",\"item\":\"https:\/\/www.greenfieldresidence.ro\/baneasa\/\"},{\"@type\":\"ListItem\",\"position\":2,\"name\":\"Cum am amenajat un apartament de 2 camere \u00een Greenfield, \u00een stil scandinav\"}]},{\"@type\":\"WebSite\",\"@id\":\"https:\/\/www.greenfieldresidence.ro\/baneasa\/#website\",\"url\":\"https:\/\/www.greenfieldresidence.ro\/baneasa\/\",\"name\":\"Greenfield B\u0103neasa\",\"description\":\"Cartierul \u00eembr\u0103\u021bi\u0219at de p\u0103dure\",\"publisher\":{\"@id\":\"https:\/\/www.greenfieldresidence.ro\/baneasa\/#organization\"},\"potentialAction\":[{\"@type\":\"SearchAction\",\"target\":{\"@type\":\"EntryPoint\",\"urlTemplate\":\"https:\/\/www.greenfieldresidence.ro\/baneasa\/?s={search_term_string}\"},\"query-input\":{\"@type\":\"PropertyValueSpecification\",\"valueRequired\":true,\"valueName\":\"search_term_string\"}}],\"inLanguage\":\"ro-RO\"},{\"@type\":\"Organization\",\"@id\":\"https:\/\/www.greenfieldresidence.ro\/baneasa\/#organization\",\"name\":\"Greenfield B\u0103neasa\",\"url\":\"https:\/\/www.greenfieldresidence.ro\/baneasa\/\",\"logo\":{\"@type\":\"ImageObject\",\"inLanguage\":\"ro-RO\",\"@id\":\"https:\/\/www.greenfieldresidence.ro\/baneasa\/#\/schema\/logo\/image\/\",\"url\":\"https:\/\/www.greenfieldresidence.ro\/baneasa\/wp-content\/uploads\/2020\/05\/logo.svg\",\"contentUrl\":\"https:\/\/www.greenfieldresidence.ro\/baneasa\/wp-content\/uploads\/2020\/05\/logo.svg\",\"caption\":\"Greenfield B\u0103neasa\"},\"image\":{\"@id\":\"https:\/\/www.greenfieldresidence.ro\/baneasa\/#\/schema\/logo\/image\/\"}},{\"@type\":\"Person\",\"@id\":\"https:\/\/www.greenfieldresidence.ro\/baneasa\/#\/schema\/person\/c70eaf1bde8fe0a9c885649f5363a754\",\"name\":\"editor Mgc5\",\"image\":{\"@type\":\"ImageObject\",\"inLanguage\":\"ro-RO\",\"@id\":\"https:\/\/secure.gravatar.com\/avatar\/832ed902d9f400d1e9b895dc24fb656563279c1514fd24cf32a3f70e8e255236?s=96&d=mm&r=g\",\"url\":\"https:\/\/secure.gravatar.com\/avatar\/832ed902d9f400d1e9b895dc24fb656563279c1514fd24cf32a3f70e8e255236?s=96&d=mm&r=g\",\"contentUrl\":\"https:\/\/secure.gravatar.com\/avatar\/832ed902d9f400d1e9b895dc24fb656563279c1514fd24cf32a3f70e8e255236?s=96&d=mm&r=g\",\"caption\":\"editor Mgc5\"},\"url\":\"https:\/\/www.greenfieldresidence.ro\/baneasa\/author\/editormgc5\/\"}]}<\/script>\n<!-- \/ Yoast SEO plugin. -->","yoast_head_json":{"title":"Cum am amenajat un apartament de 2 camere \u00een Greenfield, \u00een stil scandinav - Greenfield B\u0103neasa","robots":{"index":"index","follow":"follow","max-snippet":"max-snippet:-1","max-image-preview":"max-image-preview:large","max-video-preview":"max-video-preview:-1"},"canonical":"https:\/\/www.greenfieldresidence.ro\/baneasa\/blog\/cum-am-amenajat-un-apartament-de-2-camere-in-greenfield-in-stil-scandinav\/","og_locale":"ro_RO","og_type":"article","og_title":"Cum am amenajat un apartament de 2 camere \u00een Greenfield, \u00een stil scandinav - Greenfield B\u0103neasa","og_description":"Atunci c\u00e2nd sim\u021bi c\u0103 nu mai ai loc \u00een cas\u0103, c\u0103 30-40-50 mp nu \u00ee\u021bi ajung pentru tot ce ai vrea de la..","og_url":"https:\/\/www.greenfieldresidence.ro\/baneasa\/blog\/cum-am-amenajat-un-apartament-de-2-camere-in-greenfield-in-stil-scandinav\/","og_site_name":"Greenfield B\u0103neasa","article_published_time":"2019-11-14T09:10:30+00:00","article_modified_time":"2022-04-12T11:39:19+00:00","og_image":[{"width":2560,"height":1708,"url":"https:\/\/www.greenfieldresidence.ro\/baneasa\/wp-content\/uploads\/2021\/03\/SH_1-1-scaled.jpg","type":"image\/jpeg"}],"author":"editor Mgc5","twitter_card":"summary_large_image","twitter_misc":{"Scris de":"editor Mgc5","Timp estimat pentru citire":"4 minute"},"schema":{"@context":"https:\/\/schema.org","@graph":[{"@type":"Article","@id":"https:\/\/www.greenfieldresidence.ro\/baneasa\/blog\/cum-am-amenajat-un-apartament-de-2-camere-in-greenfield-in-stil-scandinav\/#article","isPartOf":{"@id":"https:\/\/www.greenfieldresidence.ro\/baneasa\/blog\/cum-am-amenajat-un-apartament-de-2-camere-in-greenfield-in-stil-scandinav\/"},"author":{"name":"editor Mgc5","@id":"https:\/\/www.greenfieldresidence.ro\/baneasa\/#\/schema\/person\/c70eaf1bde8fe0a9c885649f5363a754"},"headline":"Cum am amenajat un apartament de 2 camere \u00een Greenfield, \u00een stil scandinav","datePublished":"2019-11-14T09:10:30+00:00","dateModified":"2022-04-12T11:39:19+00:00","mainEntityOfPage":{"@id":"https:\/\/www.greenfieldresidence.ro\/baneasa\/blog\/cum-am-amenajat-un-apartament-de-2-camere-in-greenfield-in-stil-scandinav\/"},"wordCount":750,"commentCount":0,"publisher":{"@id":"https:\/\/www.greenfieldresidence.ro\/baneasa\/#organization"},"image":{"@id":"https:\/\/www.greenfieldresidence.ro\/baneasa\/blog\/cum-am-amenajat-un-apartament-de-2-camere-in-greenfield-in-stil-scandinav\/#primaryimage"},"thumbnailUrl":"https:\/\/www.greenfieldresidence.ro\/baneasa\/wp-content\/uploads\/2021\/03\/SH_1-1-scaled.jpg","articleSection":["Blog"],"inLanguage":"ro-RO","potentialAction":[{"@type":"CommentAction","name":"Comment","target":["https:\/\/www.greenfieldresidence.ro\/baneasa\/blog\/cum-am-amenajat-un-apartament-de-2-camere-in-greenfield-in-stil-scandinav\/#respond"]}]},{"@type":"WebPage","@id":"https:\/\/www.greenfieldresidence.ro\/baneasa\/blog\/cum-am-amenajat-un-apartament-de-2-camere-in-greenfield-in-stil-scandinav\/","url":"https:\/\/www.greenfieldresidence.ro\/baneasa\/blog\/cum-am-amenajat-un-apartament-de-2-camere-in-greenfield-in-stil-scandinav\/","name":"Cum am amenajat un apartament de 2 camere \u00een Greenfield, \u00een stil scandinav - Greenfield B\u0103neasa","isPartOf":{"@id":"https:\/\/www.greenfieldresidence.ro\/baneasa\/#website"},"primaryImageOfPage":{"@id":"https:\/\/www.greenfieldresidence.ro\/baneasa\/blog\/cum-am-amenajat-un-apartament-de-2-camere-in-greenfield-in-stil-scandinav\/#primaryimage"},"image":{"@id":"https:\/\/www.greenfieldresidence.ro\/baneasa\/blog\/cum-am-amenajat-un-apartament-de-2-camere-in-greenfield-in-stil-scandinav\/#primaryimage"},"thumbnailUrl":"https:\/\/www.greenfieldresidence.ro\/baneasa\/wp-content\/uploads\/2021\/03\/SH_1-1-scaled.jpg","datePublished":"2019-11-14T09:10:30+00:00","dateModified":"2022-04-12T11:39:19+00:00","breadcrumb":{"@id":"https:\/\/www.greenfieldresidence.ro\/baneasa\/blog\/cum-am-amenajat-un-apartament-de-2-camere-in-greenfield-in-stil-scandinav\/#breadcrumb"},"inLanguage":"ro-RO","potentialAction":[{"@type":"ReadAction","target":["https:\/\/www.greenfieldresidence.ro\/baneasa\/blog\/cum-am-amenajat-un-apartament-de-2-camere-in-greenfield-in-stil-scandinav\/"]}]},{"@type":"ImageObject","inLanguage":"ro-RO","@id":"https:\/\/www.greenfieldresidence.ro\/baneasa\/blog\/cum-am-amenajat-un-apartament-de-2-camere-in-greenfield-in-stil-scandinav\/#primaryimage","url":"https:\/\/www.greenfieldresidence.ro\/baneasa\/wp-content\/uploads\/2021\/03\/SH_1-1-scaled.jpg","contentUrl":"https:\/\/www.greenfieldresidence.ro\/baneasa\/wp-content\/uploads\/2021\/03\/SH_1-1-scaled.jpg","width":2560,"height":1708,"caption":"exemplu de amenajare interioara pentru un apartament de 2 camere din Bucuresti Nord"},{"@type":"BreadcrumbList","@id":"https:\/\/www.greenfieldresidence.ro\/baneasa\/blog\/cum-am-amenajat-un-apartament-de-2-camere-in-greenfield-in-stil-scandinav\/#breadcrumb","itemListElement":[{"@type":"ListItem","position":1,"name":"Home","item":"https:\/\/www.greenfieldresidence.ro\/baneasa\/"},{"@type":"ListItem","position":2,"name":"Cum am amenajat un apartament de 2 camere \u00een Greenfield, \u00een stil scandinav"}]},{"@type":"WebSite","@id":"https:\/\/www.greenfieldresidence.ro\/baneasa\/#website","url":"https:\/\/www.greenfieldresidence.ro\/baneasa\/","name":"Greenfield B\u0103neasa","description":"Cartierul \u00eembr\u0103\u021bi\u0219at de p\u0103dure","publisher":{"@id":"https:\/\/www.greenfieldresidence.ro\/baneasa\/#organization"},"potentialAction":[{"@type":"SearchAction","target":{"@type":"EntryPoint","urlTemplate":"https:\/\/www.greenfieldresidence.ro\/baneasa\/?s={search_term_string}"},"query-input":{"@type":"PropertyValueSpecification","valueRequired":true,"valueName":"search_term_string"}}],"inLanguage":"ro-RO"},{"@type":"Organization","@id":"https:\/\/www.greenfieldresidence.ro\/baneasa\/#organization","name":"Greenfield B\u0103neasa","url":"https:\/\/www.greenfieldresidence.ro\/baneasa\/","logo":{"@type":"ImageObject","inLanguage":"ro-RO","@id":"https:\/\/www.greenfieldresidence.ro\/baneasa\/#\/schema\/logo\/image\/","url":"https:\/\/www.greenfieldresidence.ro\/baneasa\/wp-content\/uploads\/2020\/05\/logo.svg","contentUrl":"https:\/\/www.greenfieldresidence.ro\/baneasa\/wp-content\/uploads\/2020\/05\/logo.svg","caption":"Greenfield B\u0103neasa"},"image":{"@id":"https:\/\/www.greenfieldresidence.ro\/baneasa\/#\/schema\/logo\/image\/"}},{"@type":"Person","@id":"https:\/\/www.greenfieldresidence.ro\/baneasa\/#\/schema\/person\/c70eaf1bde8fe0a9c885649f5363a754","name":"editor Mgc5","image":{"@type":"ImageObject","inLanguage":"ro-RO","@id":"https:\/\/secure.gravatar.com\/avatar\/832ed902d9f400d1e9b895dc24fb656563279c1514fd24cf32a3f70e8e255236?s=96&d=mm&r=g","url":"https:\/\/secure.gravatar.com\/avatar\/832ed902d9f400d1e9b895dc24fb656563279c1514fd24cf32a3f70e8e255236?s=96&d=mm&r=g","contentUrl":"https:\/\/secure.gravatar.com\/avatar\/832ed902d9f400d1e9b895dc24fb656563279c1514fd24cf32a3f70e8e255236?s=96&d=mm&r=g","caption":"editor Mgc5"},"url":"https:\/\/www.greenfieldresidence.ro\/baneasa\/author\/editormgc5\/"}]}},"fimg_url":"https:\/\/www.greenfieldresidence.ro\/baneasa\/wp-content\/uploads\/2021\/03\/SH_1-1-scaled.jpg","_links":{"self":[{"href":"https:\/\/www.greenfieldresidence.ro\/baneasa\/wp-json\/wp\/v2\/posts\/14791","targetHints":{"allow":["GET"]}}],"collection":[{"href":"https:\/\/www.greenfieldresidence.ro\/baneasa\/wp-json\/wp\/v2\/posts"}],"about":[{"href":"https:\/\/www.greenfieldresidence.ro\/baneasa\/wp-json\/wp\/v2\/types\/post"}],"author":[{"embeddable":true,"href":"https:\/\/www.greenfieldresidence.ro\/baneasa\/wp-json\/wp\/v2\/users\/6"}],"replies":[{"embeddable":true,"href":"https:\/\/www.greenfieldresidence.ro\/baneasa\/wp-json\/wp\/v2\/comments?post=14791"}],"version-history":[{"count":2,"href":"https:\/\/www.greenfieldresidence.ro\/baneasa\/wp-json\/wp\/v2\/posts\/14791\/revisions"}],"predecessor-version":[{"id":17313,"href":"https:\/\/www.greenfieldresidence.ro\/baneasa\/wp-json\/wp\/v2\/posts\/14791\/revisions\/17313"}],"wp:featuredmedia":[{"embeddable":true,"href":"https:\/\/www.greenfieldresidence.ro\/baneasa\/wp-json\/wp\/v2\/media\/14789"}],"wp:attachment":[{"href":"https:\/\/www.greenfieldresidence.ro\/baneasa\/wp-json\/wp\/v2\/media?parent=14791"}],"wp:term":[{"taxonomy":"category","embeddable":true,"href":"https:\/\/www.greenfieldresidence.ro\/baneasa\/wp-json\/wp\/v2\/categories?post=14791"},{"taxonomy":"post_tag","embeddable":true,"href":"https:\/\/www.greenfieldresidence.ro\/baneasa\/wp-json\/wp\/v2\/tags?post=14791"}],"curies":[{"name":"wp","href":"https:\/\/api.w.org\/{rel}","templated":true}]}}