{"id":11871,"date":"2020-10-16T14:34:25","date_gmt":"2020-10-16T11:34:25","guid":{"rendered":"https:\/\/www.greenfieldresidence.ro\/baneasa\/2020\/10\/16\/toamna-in-greenfield-intre-amintiri-si-noi-inceputuri\/"},"modified":"2022-06-14T10:44:38","modified_gmt":"2022-06-14T07:44:38","slug":"toamna-in-greenfield-intre-amintiri-si-noi-inceputuri","status":"publish","type":"post","link":"https:\/\/www.greenfieldresidence.ro\/baneasa\/blog\/toamna-in-greenfield-intre-amintiri-si-noi-inceputuri\/","title":{"rendered":"Toamna \u00een Greenfield, \u00eentre amintiri \u0219i noi \u00eenceputuri"},"content":{"rendered":"<p class=\"MsoNormal\" style=\"text-align: justify;\"><span style=\"font-size: 13pt;\">Se spune c\u0103 toamna suntem cu to\u021bii un<br \/>\npic mai melancolici dec\u00e2t \u00een restul anului. Psihologii pun acest lucru pe seama<br \/>\nfaptului c\u0103 \u00eentreaga transformare a naturii ne aminte\u0219te de propriile noastre<br \/>\ntransform\u0103ri, c\u0103ci toamna e anotimpul retrospectivelor \u0219i introspec\u021biilor<br \/>\npersonale. Nostalgii mai vechi sau mai noi ajung \u00een aceast\u0103 perioad\u0103 mai<br \/>\naproape de suflet, iar amintirile creeaz\u0103 un sentiment dulce am\u0103rui al unui<br \/>\nsf\u00e2r\u0219it \u0219i \u00een acela\u0219i timp al unui nou \u00eenceput.<\/span><span style=\"font-size: 13pt;\">\u00a0<\/span><\/p>\n<p class=\"MsoNormal\" style=\"text-align: justify;\"><span lang=\"EN-US\" style=\"font-size: 13pt;\">Toamna \u00een <a href=\"https:\/\/www.greenfieldresidence.ro\/baneasa\">ansamblul imobiliar <b>Greenfield Residence<\/b><\/a><br \/>\npare c\u0103 aduce natura \u0219i mai aproape de noi, ne intr\u0103 timid \u00een case odat\u0103 cu<br \/>\nmirosul ce\u021bilor matinale care ne dau peste cap reperele. Iar str\u0103zile<br \/>\ncartierului, acum c\u00e2teva zile vesele \u015fi vii, cad prad\u0103 unei lini\u0219ti calme \u015fi<br \/>\nparc\u0103 neprimitoare. Din zgomotele zilelor de var\u0103 nu au mai r\u0103mas dec\u00e2t<br \/>\npic\u0103turile ploii, v\u00e2j\u00e2itul amenin\u021b\u0103tor al v\u00e2ntului \u0219i fo\u0219netul covorului de<br \/>\nfrunze deja c\u0103zute la p\u0103m\u00e2nt. Dac\u0103 le ascul\u021bi cu aten\u021bie \u00eens\u0103, vei descoperi o<br \/>\narmonie at\u00e2t de lini\u0219titoare cum numai p\u0103durea \u0219tie s\u0103 fac\u0103. Nu e chiar Toamna<br \/>\nlui Vivaldi, dar poate fi c\u00e2ntecul cu care te strecori seara \u00een pat, cu un ceai<br \/>\nfierbinte al\u0103turi \u0219i cartea aceea pe care ai tot am\u00e2nat s\u0103 o deschizi p\u00e2n\u0103<br \/>\nacum.<\/span><\/p>\n<p class=\"MsoNormal\" style=\"text-align: justify;\"><span lang=\"EN-US\" style=\"font-size: 13pt;\">\u00cen plin\u0103 zi, cu un soare din ce \u00een ce<br \/>\nmai distant, ne lu\u0103m lumin\u0103 \u0219i c\u0103ldur\u0103 de pe chipurile copiilor ce descoper\u0103<br \/>\nacum emo\u021bii noi. \u0218i nu putem s\u0103 nu ne g\u00e2ndim c\u0103 mai ales pentru ei, dar \u0219i<br \/>\npentru p\u0103rin\u021bii lor, \u00een cur\u00e2nd va \u00eencepe construc\u021bia \u0219colii \u0219i a gr\u0103dini\u021bei.<br \/>\nPrezen\u021ba acestora \u00een cartier va cre\u0219te sim\u021bitor timpul petrecut al\u0103turi de<br \/>\nfamilie \u0219i totodat\u0103 \u00eencrederea c\u0103 cei mici sunt \u00een siguran\u021b\u0103. Spa\u021bii<br \/>\neduca\u021bionale moderne, adaptate pe deplin vremurilor, ele vor constitui baza pe<br \/>\ncare se va dezvolta \u00een viitor o comunitate de oameni responsabili, aten\u021bi la<br \/>\nproblemele din jur \u0219i mereu dornici s\u0103 dea o m\u00e2n\u0103 de ajutor.<\/span><\/p>\n<p class=\"MsoNormal\" style=\"text-align: justify;\"><span lang=\"EN-US\" style=\"font-size: 13pt;\">\u00a0<\/span><img fetchpriority=\"high\" decoding=\"async\" class=\"alignnone\" style=\"width: 1060px;\" src=\"https:\/\/www.greenfieldresidence.ro\/baneasa\/wp-content\/uploads\/2021\/03\/scoala-si-gradi.jpg\" alt=\"mall Bucuresti Nord\" width=\"1060\" height=\"600\" \/><\/p>\n<p class=\"MsoNormal\" style=\"text-align: justify;\"><span lang=\"EN-US\" style=\"font-size: 13pt;\">\u00cen mod evident \u0219i pentru cei mari<br \/>\ntoamna aduce ve\u0219ti, numai bune s\u0103 mai \u00eenc\u0103lzeasc\u0103 pu\u021bin atmosfera unei toamne<br \/>\ndeja prea reci. Marc\u0103m astfel \u00eenceputul unei noi faze de dezvoltare a<br \/>\ncartierului nostru, prin demararea lucr\u0103rilor la poate cel mai mare centru<br \/>\ncomunitar dintr-un ansamblu reziden\u021bial. Situat aproape de calmul p\u0103durii,<br \/>\n<a href=\"https:\/\/www.greenfieldresidence.ro\/baneasa\/stil-de-viata\/\">Greenfield Community Center<\/a> va ridica substan\u021bial standardele de confort ale<br \/>\nlocuitorilor, prin includerea tuturor func\u021bionalit\u0103\u021bilor necesare unei mari<br \/>\ncomunit\u0103\u021bi \u0219i, suntem convin\u0219i, va deveni punctul central al unei comunit\u0103\u021bi<br \/>\ntinere pentru care un stil de via\u021b\u0103 s\u0103n\u0103tos nu este doar un principiu de baz\u0103,<br \/>\nci \u0219i o surs\u0103 de \u00eencredere, socializare \u0219i relaxare.<\/span><\/p>\n<p class=\"MsoNormal\" style=\"text-align: justify;\"><span lang=\"EN-US\" style=\"font-size: 13pt;\">A\u0219adar, e momentul s\u0103 nu mai l\u0103s\u0103m<br \/>\ntoamna s\u0103 ne umbreasc\u0103 str\u0103lucirea din ochi, ci s\u0103 ne bucur\u0103m de priveli\u0219tea de<br \/>\npoveste de care avem zilnic parte \u0219i s\u0103 privim cu \u00eencredere spre m\u00e2ine. E<br \/>\ntoamn\u0103, anotimpul culorilor \u0219i al transform\u0103rii naturii, puntea c\u0103tre albul<br \/>\nimaculat al iernii \u0219i c\u0103ldura prim\u0103verii de dup\u0103. E toamn\u0103, e timpul recoltelor<br \/>\n\u0219i al bilan\u021burilor. Te a\u0219tept\u0103m s\u0103 descoperi <a href=\"https:\/\/apartamente.greenfieldresidence.ro\/\" target=\"_blank\" rel=\"noopener noreferrer\">Noul Greenfield<\/a> \u0219i s\u0103 culegem \u00eempreun\u0103 g\u00e2nduri bune \u0219i<br \/>\nz\u00e2mbete. Tu c\u00e2te ai adunat p\u00e2n\u0103 acum?<\/span><\/p>\n","protected":false},"excerpt":{"rendered":"<p>Se spune c\u0103 toamna suntem cu to\u021bii un pic mai melancolici dec\u00e2t \u00een restul anului. Psihologii pun acest lucru pe seama faptului c\u0103..<\/p>\n","protected":false},"author":6,"featured_media":11872,"comment_status":"open","ping_status":"open","sticky":false,"template":"","format":"standard","meta":{"_acf_changed":false,"footnotes":""},"categories":[3608],"tags":[],"class_list":["post-11871","post","type-post","status-publish","format-standard","has-post-thumbnail","hentry","category-blog"],"acf":[],"yoast_head":"<!-- This site is optimized with the Yoast SEO plugin v27.4 - https:\/\/yoast.com\/product\/yoast-seo-wordpress\/ -->\n<title>Toamna \u00een Greenfield, \u00eentre amintiri \u0219i noi \u00eenceputuri - Greenfield B\u0103neasa<\/title>\n<meta name=\"robots\" content=\"index, follow, max-snippet:-1, max-image-preview:large, max-video-preview:-1\" \/>\n<link rel=\"canonical\" href=\"https:\/\/www.greenfieldresidence.ro\/baneasa\/blog\/toamna-in-greenfield-intre-amintiri-si-noi-inceputuri\/\" \/>\n<meta property=\"og:locale\" content=\"ro_RO\" \/>\n<meta property=\"og:type\" content=\"article\" \/>\n<meta property=\"og:title\" content=\"Toamna \u00een Greenfield, \u00eentre amintiri \u0219i noi \u00eenceputuri - Greenfield B\u0103neasa\" \/>\n<meta property=\"og:description\" content=\"Se spune c\u0103 toamna suntem cu to\u021bii un pic mai melancolici dec\u00e2t \u00een restul anului. Psihologii pun acest lucru pe seama faptului c\u0103..\" \/>\n<meta property=\"og:url\" content=\"https:\/\/www.greenfieldresidence.ro\/baneasa\/blog\/toamna-in-greenfield-intre-amintiri-si-noi-inceputuri\/\" \/>\n<meta property=\"og:site_name\" content=\"Greenfield B\u0103neasa\" \/>\n<meta property=\"article:published_time\" content=\"2020-10-16T11:34:25+00:00\" \/>\n<meta property=\"article:modified_time\" content=\"2022-06-14T07:44:38+00:00\" \/>\n<meta property=\"og:image\" content=\"https:\/\/www.greenfieldresidence.ro\/baneasa\/wp-content\/uploads\/2021\/03\/toamna-1.jpg\" \/>\n\t<meta property=\"og:image:width\" content=\"1060\" \/>\n\t<meta property=\"og:image:height\" content=\"600\" \/>\n\t<meta property=\"og:image:type\" content=\"image\/jpeg\" \/>\n<meta name=\"author\" content=\"editor Mgc5\" \/>\n<meta name=\"twitter:card\" content=\"summary_large_image\" \/>\n<meta name=\"twitter:label1\" content=\"Scris de\" \/>\n\t<meta name=\"twitter:data1\" content=\"editor Mgc5\" \/>\n\t<meta name=\"twitter:label2\" content=\"Timp estimat pentru citire\" \/>\n\t<meta name=\"twitter:data2\" content=\"3 minute\" \/>\n<script type=\"application\/ld+json\" class=\"yoast-schema-graph\">{\"@context\":\"https:\\\/\\\/schema.org\",\"@graph\":[{\"@type\":\"Article\",\"@id\":\"https:\\\/\\\/www.greenfieldresidence.ro\\\/baneasa\\\/blog\\\/toamna-in-greenfield-intre-amintiri-si-noi-inceputuri\\\/#article\",\"isPartOf\":{\"@id\":\"https:\\\/\\\/www.greenfieldresidence.ro\\\/baneasa\\\/blog\\\/toamna-in-greenfield-intre-amintiri-si-noi-inceputuri\\\/\"},\"author\":{\"name\":\"editor Mgc5\",\"@id\":\"https:\\\/\\\/www.greenfieldresidence.ro\\\/baneasa\\\/#\\\/schema\\\/person\\\/c70eaf1bde8fe0a9c885649f5363a754\"},\"headline\":\"Toamna \u00een Greenfield, \u00eentre amintiri \u0219i noi \u00eenceputuri\",\"datePublished\":\"2020-10-16T11:34:25+00:00\",\"dateModified\":\"2022-06-14T07:44:38+00:00\",\"mainEntityOfPage\":{\"@id\":\"https:\\\/\\\/www.greenfieldresidence.ro\\\/baneasa\\\/blog\\\/toamna-in-greenfield-intre-amintiri-si-noi-inceputuri\\\/\"},\"wordCount\":588,\"commentCount\":0,\"publisher\":{\"@id\":\"https:\\\/\\\/www.greenfieldresidence.ro\\\/baneasa\\\/#organization\"},\"image\":{\"@id\":\"https:\\\/\\\/www.greenfieldresidence.ro\\\/baneasa\\\/blog\\\/toamna-in-greenfield-intre-amintiri-si-noi-inceputuri\\\/#primaryimage\"},\"thumbnailUrl\":\"https:\\\/\\\/www.greenfieldresidence.ro\\\/baneasa\\\/wp-content\\\/uploads\\\/2021\\\/03\\\/toamna-1.jpg\",\"articleSection\":[\"Blog\"],\"inLanguage\":\"ro-RO\",\"potentialAction\":[{\"@type\":\"CommentAction\",\"name\":\"Comment\",\"target\":[\"https:\\\/\\\/www.greenfieldresidence.ro\\\/baneasa\\\/blog\\\/toamna-in-greenfield-intre-amintiri-si-noi-inceputuri\\\/#respond\"]}]},{\"@type\":\"WebPage\",\"@id\":\"https:\\\/\\\/www.greenfieldresidence.ro\\\/baneasa\\\/blog\\\/toamna-in-greenfield-intre-amintiri-si-noi-inceputuri\\\/\",\"url\":\"https:\\\/\\\/www.greenfieldresidence.ro\\\/baneasa\\\/blog\\\/toamna-in-greenfield-intre-amintiri-si-noi-inceputuri\\\/\",\"name\":\"Toamna \u00een Greenfield, \u00eentre amintiri \u0219i noi \u00eenceputuri - Greenfield B\u0103neasa\",\"isPartOf\":{\"@id\":\"https:\\\/\\\/www.greenfieldresidence.ro\\\/baneasa\\\/#website\"},\"primaryImageOfPage\":{\"@id\":\"https:\\\/\\\/www.greenfieldresidence.ro\\\/baneasa\\\/blog\\\/toamna-in-greenfield-intre-amintiri-si-noi-inceputuri\\\/#primaryimage\"},\"image\":{\"@id\":\"https:\\\/\\\/www.greenfieldresidence.ro\\\/baneasa\\\/blog\\\/toamna-in-greenfield-intre-amintiri-si-noi-inceputuri\\\/#primaryimage\"},\"thumbnailUrl\":\"https:\\\/\\\/www.greenfieldresidence.ro\\\/baneasa\\\/wp-content\\\/uploads\\\/2021\\\/03\\\/toamna-1.jpg\",\"datePublished\":\"2020-10-16T11:34:25+00:00\",\"dateModified\":\"2022-06-14T07:44:38+00:00\",\"breadcrumb\":{\"@id\":\"https:\\\/\\\/www.greenfieldresidence.ro\\\/baneasa\\\/blog\\\/toamna-in-greenfield-intre-amintiri-si-noi-inceputuri\\\/#breadcrumb\"},\"inLanguage\":\"ro-RO\",\"potentialAction\":[{\"@type\":\"ReadAction\",\"target\":[\"https:\\\/\\\/www.greenfieldresidence.ro\\\/baneasa\\\/blog\\\/toamna-in-greenfield-intre-amintiri-si-noi-inceputuri\\\/\"]}]},{\"@type\":\"ImageObject\",\"inLanguage\":\"ro-RO\",\"@id\":\"https:\\\/\\\/www.greenfieldresidence.ro\\\/baneasa\\\/blog\\\/toamna-in-greenfield-intre-amintiri-si-noi-inceputuri\\\/#primaryimage\",\"url\":\"https:\\\/\\\/www.greenfieldresidence.ro\\\/baneasa\\\/wp-content\\\/uploads\\\/2021\\\/03\\\/toamna-1.jpg\",\"contentUrl\":\"https:\\\/\\\/www.greenfieldresidence.ro\\\/baneasa\\\/wp-content\\\/uploads\\\/2021\\\/03\\\/toamna-1.jpg\",\"width\":1060,\"height\":600,\"caption\":\"padurea Baneasa\"},{\"@type\":\"BreadcrumbList\",\"@id\":\"https:\\\/\\\/www.greenfieldresidence.ro\\\/baneasa\\\/blog\\\/toamna-in-greenfield-intre-amintiri-si-noi-inceputuri\\\/#breadcrumb\",\"itemListElement\":[{\"@type\":\"ListItem\",\"position\":1,\"name\":\"Home\",\"item\":\"https:\\\/\\\/www.greenfieldresidence.ro\\\/baneasa\\\/\"},{\"@type\":\"ListItem\",\"position\":2,\"name\":\"Toamna \u00een Greenfield, \u00eentre amintiri \u0219i noi \u00eenceputuri\"}]},{\"@type\":\"WebSite\",\"@id\":\"https:\\\/\\\/www.greenfieldresidence.ro\\\/baneasa\\\/#website\",\"url\":\"https:\\\/\\\/www.greenfieldresidence.ro\\\/baneasa\\\/\",\"name\":\"Greenfield B\u0103neasa\",\"description\":\"Cartierul \u00eembr\u0103\u021bi\u0219at de p\u0103dure\",\"publisher\":{\"@id\":\"https:\\\/\\\/www.greenfieldresidence.ro\\\/baneasa\\\/#organization\"},\"potentialAction\":[{\"@type\":\"SearchAction\",\"target\":{\"@type\":\"EntryPoint\",\"urlTemplate\":\"https:\\\/\\\/www.greenfieldresidence.ro\\\/baneasa\\\/?s={search_term_string}\"},\"query-input\":{\"@type\":\"PropertyValueSpecification\",\"valueRequired\":true,\"valueName\":\"search_term_string\"}}],\"inLanguage\":\"ro-RO\"},{\"@type\":\"Organization\",\"@id\":\"https:\\\/\\\/www.greenfieldresidence.ro\\\/baneasa\\\/#organization\",\"name\":\"Greenfield B\u0103neasa\",\"url\":\"https:\\\/\\\/www.greenfieldresidence.ro\\\/baneasa\\\/\",\"logo\":{\"@type\":\"ImageObject\",\"inLanguage\":\"ro-RO\",\"@id\":\"https:\\\/\\\/www.greenfieldresidence.ro\\\/baneasa\\\/#\\\/schema\\\/logo\\\/image\\\/\",\"url\":\"https:\\\/\\\/www.greenfieldresidence.ro\\\/baneasa\\\/wp-content\\\/uploads\\\/2020\\\/05\\\/logo.svg\",\"contentUrl\":\"https:\\\/\\\/www.greenfieldresidence.ro\\\/baneasa\\\/wp-content\\\/uploads\\\/2020\\\/05\\\/logo.svg\",\"caption\":\"Greenfield B\u0103neasa\"},\"image\":{\"@id\":\"https:\\\/\\\/www.greenfieldresidence.ro\\\/baneasa\\\/#\\\/schema\\\/logo\\\/image\\\/\"}},{\"@type\":\"Person\",\"@id\":\"https:\\\/\\\/www.greenfieldresidence.ro\\\/baneasa\\\/#\\\/schema\\\/person\\\/c70eaf1bde8fe0a9c885649f5363a754\",\"name\":\"editor Mgc5\",\"image\":{\"@type\":\"ImageObject\",\"inLanguage\":\"ro-RO\",\"@id\":\"https:\\\/\\\/secure.gravatar.com\\\/avatar\\\/832ed902d9f400d1e9b895dc24fb656563279c1514fd24cf32a3f70e8e255236?s=96&d=mm&r=g\",\"url\":\"https:\\\/\\\/secure.gravatar.com\\\/avatar\\\/832ed902d9f400d1e9b895dc24fb656563279c1514fd24cf32a3f70e8e255236?s=96&d=mm&r=g\",\"contentUrl\":\"https:\\\/\\\/secure.gravatar.com\\\/avatar\\\/832ed902d9f400d1e9b895dc24fb656563279c1514fd24cf32a3f70e8e255236?s=96&d=mm&r=g\",\"caption\":\"editor Mgc5\"},\"url\":\"https:\\\/\\\/www.greenfieldresidence.ro\\\/baneasa\\\/author\\\/editormgc5\\\/\"}]}<\/script>\n<!-- \/ Yoast SEO plugin. -->","yoast_head_json":{"title":"Toamna \u00een Greenfield, \u00eentre amintiri \u0219i noi \u00eenceputuri - Greenfield B\u0103neasa","robots":{"index":"index","follow":"follow","max-snippet":"max-snippet:-1","max-image-preview":"max-image-preview:large","max-video-preview":"max-video-preview:-1"},"canonical":"https:\/\/www.greenfieldresidence.ro\/baneasa\/blog\/toamna-in-greenfield-intre-amintiri-si-noi-inceputuri\/","og_locale":"ro_RO","og_type":"article","og_title":"Toamna \u00een Greenfield, \u00eentre amintiri \u0219i noi \u00eenceputuri - Greenfield B\u0103neasa","og_description":"Se spune c\u0103 toamna suntem cu to\u021bii un pic mai melancolici dec\u00e2t \u00een restul anului. Psihologii pun acest lucru pe seama faptului c\u0103..","og_url":"https:\/\/www.greenfieldresidence.ro\/baneasa\/blog\/toamna-in-greenfield-intre-amintiri-si-noi-inceputuri\/","og_site_name":"Greenfield B\u0103neasa","article_published_time":"2020-10-16T11:34:25+00:00","article_modified_time":"2022-06-14T07:44:38+00:00","og_image":[{"width":1060,"height":600,"url":"https:\/\/www.greenfieldresidence.ro\/baneasa\/wp-content\/uploads\/2021\/03\/toamna-1.jpg","type":"image\/jpeg"}],"author":"editor Mgc5","twitter_card":"summary_large_image","twitter_misc":{"Scris de":"editor Mgc5","Timp estimat pentru citire":"3 minute"},"schema":{"@context":"https:\/\/schema.org","@graph":[{"@type":"Article","@id":"https:\/\/www.greenfieldresidence.ro\/baneasa\/blog\/toamna-in-greenfield-intre-amintiri-si-noi-inceputuri\/#article","isPartOf":{"@id":"https:\/\/www.greenfieldresidence.ro\/baneasa\/blog\/toamna-in-greenfield-intre-amintiri-si-noi-inceputuri\/"},"author":{"name":"editor Mgc5","@id":"https:\/\/www.greenfieldresidence.ro\/baneasa\/#\/schema\/person\/c70eaf1bde8fe0a9c885649f5363a754"},"headline":"Toamna \u00een Greenfield, \u00eentre amintiri \u0219i noi \u00eenceputuri","datePublished":"2020-10-16T11:34:25+00:00","dateModified":"2022-06-14T07:44:38+00:00","mainEntityOfPage":{"@id":"https:\/\/www.greenfieldresidence.ro\/baneasa\/blog\/toamna-in-greenfield-intre-amintiri-si-noi-inceputuri\/"},"wordCount":588,"commentCount":0,"publisher":{"@id":"https:\/\/www.greenfieldresidence.ro\/baneasa\/#organization"},"image":{"@id":"https:\/\/www.greenfieldresidence.ro\/baneasa\/blog\/toamna-in-greenfield-intre-amintiri-si-noi-inceputuri\/#primaryimage"},"thumbnailUrl":"https:\/\/www.greenfieldresidence.ro\/baneasa\/wp-content\/uploads\/2021\/03\/toamna-1.jpg","articleSection":["Blog"],"inLanguage":"ro-RO","potentialAction":[{"@type":"CommentAction","name":"Comment","target":["https:\/\/www.greenfieldresidence.ro\/baneasa\/blog\/toamna-in-greenfield-intre-amintiri-si-noi-inceputuri\/#respond"]}]},{"@type":"WebPage","@id":"https:\/\/www.greenfieldresidence.ro\/baneasa\/blog\/toamna-in-greenfield-intre-amintiri-si-noi-inceputuri\/","url":"https:\/\/www.greenfieldresidence.ro\/baneasa\/blog\/toamna-in-greenfield-intre-amintiri-si-noi-inceputuri\/","name":"Toamna \u00een Greenfield, \u00eentre amintiri \u0219i noi \u00eenceputuri - Greenfield B\u0103neasa","isPartOf":{"@id":"https:\/\/www.greenfieldresidence.ro\/baneasa\/#website"},"primaryImageOfPage":{"@id":"https:\/\/www.greenfieldresidence.ro\/baneasa\/blog\/toamna-in-greenfield-intre-amintiri-si-noi-inceputuri\/#primaryimage"},"image":{"@id":"https:\/\/www.greenfieldresidence.ro\/baneasa\/blog\/toamna-in-greenfield-intre-amintiri-si-noi-inceputuri\/#primaryimage"},"thumbnailUrl":"https:\/\/www.greenfieldresidence.ro\/baneasa\/wp-content\/uploads\/2021\/03\/toamna-1.jpg","datePublished":"2020-10-16T11:34:25+00:00","dateModified":"2022-06-14T07:44:38+00:00","breadcrumb":{"@id":"https:\/\/www.greenfieldresidence.ro\/baneasa\/blog\/toamna-in-greenfield-intre-amintiri-si-noi-inceputuri\/#breadcrumb"},"inLanguage":"ro-RO","potentialAction":[{"@type":"ReadAction","target":["https:\/\/www.greenfieldresidence.ro\/baneasa\/blog\/toamna-in-greenfield-intre-amintiri-si-noi-inceputuri\/"]}]},{"@type":"ImageObject","inLanguage":"ro-RO","@id":"https:\/\/www.greenfieldresidence.ro\/baneasa\/blog\/toamna-in-greenfield-intre-amintiri-si-noi-inceputuri\/#primaryimage","url":"https:\/\/www.greenfieldresidence.ro\/baneasa\/wp-content\/uploads\/2021\/03\/toamna-1.jpg","contentUrl":"https:\/\/www.greenfieldresidence.ro\/baneasa\/wp-content\/uploads\/2021\/03\/toamna-1.jpg","width":1060,"height":600,"caption":"padurea Baneasa"},{"@type":"BreadcrumbList","@id":"https:\/\/www.greenfieldresidence.ro\/baneasa\/blog\/toamna-in-greenfield-intre-amintiri-si-noi-inceputuri\/#breadcrumb","itemListElement":[{"@type":"ListItem","position":1,"name":"Home","item":"https:\/\/www.greenfieldresidence.ro\/baneasa\/"},{"@type":"ListItem","position":2,"name":"Toamna \u00een Greenfield, \u00eentre amintiri \u0219i noi \u00eenceputuri"}]},{"@type":"WebSite","@id":"https:\/\/www.greenfieldresidence.ro\/baneasa\/#website","url":"https:\/\/www.greenfieldresidence.ro\/baneasa\/","name":"Greenfield B\u0103neasa","description":"Cartierul \u00eembr\u0103\u021bi\u0219at de p\u0103dure","publisher":{"@id":"https:\/\/www.greenfieldresidence.ro\/baneasa\/#organization"},"potentialAction":[{"@type":"SearchAction","target":{"@type":"EntryPoint","urlTemplate":"https:\/\/www.greenfieldresidence.ro\/baneasa\/?s={search_term_string}"},"query-input":{"@type":"PropertyValueSpecification","valueRequired":true,"valueName":"search_term_string"}}],"inLanguage":"ro-RO"},{"@type":"Organization","@id":"https:\/\/www.greenfieldresidence.ro\/baneasa\/#organization","name":"Greenfield B\u0103neasa","url":"https:\/\/www.greenfieldresidence.ro\/baneasa\/","logo":{"@type":"ImageObject","inLanguage":"ro-RO","@id":"https:\/\/www.greenfieldresidence.ro\/baneasa\/#\/schema\/logo\/image\/","url":"https:\/\/www.greenfieldresidence.ro\/baneasa\/wp-content\/uploads\/2020\/05\/logo.svg","contentUrl":"https:\/\/www.greenfieldresidence.ro\/baneasa\/wp-content\/uploads\/2020\/05\/logo.svg","caption":"Greenfield B\u0103neasa"},"image":{"@id":"https:\/\/www.greenfieldresidence.ro\/baneasa\/#\/schema\/logo\/image\/"}},{"@type":"Person","@id":"https:\/\/www.greenfieldresidence.ro\/baneasa\/#\/schema\/person\/c70eaf1bde8fe0a9c885649f5363a754","name":"editor Mgc5","image":{"@type":"ImageObject","inLanguage":"ro-RO","@id":"https:\/\/secure.gravatar.com\/avatar\/832ed902d9f400d1e9b895dc24fb656563279c1514fd24cf32a3f70e8e255236?s=96&d=mm&r=g","url":"https:\/\/secure.gravatar.com\/avatar\/832ed902d9f400d1e9b895dc24fb656563279c1514fd24cf32a3f70e8e255236?s=96&d=mm&r=g","contentUrl":"https:\/\/secure.gravatar.com\/avatar\/832ed902d9f400d1e9b895dc24fb656563279c1514fd24cf32a3f70e8e255236?s=96&d=mm&r=g","caption":"editor Mgc5"},"url":"https:\/\/www.greenfieldresidence.ro\/baneasa\/author\/editormgc5\/"}]}},"fimg_url":"https:\/\/www.greenfieldresidence.ro\/baneasa\/wp-content\/uploads\/2021\/03\/toamna-1.jpg","_links":{"self":[{"href":"https:\/\/www.greenfieldresidence.ro\/baneasa\/wp-json\/wp\/v2\/posts\/11871","targetHints":{"allow":["GET"]}}],"collection":[{"href":"https:\/\/www.greenfieldresidence.ro\/baneasa\/wp-json\/wp\/v2\/posts"}],"about":[{"href":"https:\/\/www.greenfieldresidence.ro\/baneasa\/wp-json\/wp\/v2\/types\/post"}],"author":[{"embeddable":true,"href":"https:\/\/www.greenfieldresidence.ro\/baneasa\/wp-json\/wp\/v2\/users\/6"}],"replies":[{"embeddable":true,"href":"https:\/\/www.greenfieldresidence.ro\/baneasa\/wp-json\/wp\/v2\/comments?post=11871"}],"version-history":[{"count":2,"href":"https:\/\/www.greenfieldresidence.ro\/baneasa\/wp-json\/wp\/v2\/posts\/11871\/revisions"}],"predecessor-version":[{"id":17228,"href":"https:\/\/www.greenfieldresidence.ro\/baneasa\/wp-json\/wp\/v2\/posts\/11871\/revisions\/17228"}],"wp:featuredmedia":[{"embeddable":true,"href":"https:\/\/www.greenfieldresidence.ro\/baneasa\/wp-json\/wp\/v2\/media\/11872"}],"wp:attachment":[{"href":"https:\/\/www.greenfieldresidence.ro\/baneasa\/wp-json\/wp\/v2\/media?parent=11871"}],"wp:term":[{"taxonomy":"category","embeddable":true,"href":"https:\/\/www.greenfieldresidence.ro\/baneasa\/wp-json\/wp\/v2\/categories?post=11871"},{"taxonomy":"post_tag","embeddable":true,"href":"https:\/\/www.greenfieldresidence.ro\/baneasa\/wp-json\/wp\/v2\/tags?post=11871"}],"curies":[{"name":"wp","href":"https:\/\/api.w.org\/{rel}","templated":true}]}}