{"id":11855,"date":"2020-07-23T11:41:19","date_gmt":"2020-07-23T08:41:19","guid":{"rendered":"https:\/\/www.greenfieldresidence.ro\/baneasa\/2020\/07\/23\/calitatea-aerului-in-bucuresti-greenfield\/"},"modified":"2022-11-18T16:08:15","modified_gmt":"2022-11-18T14:08:15","slug":"calitatea-aerului-in-bucuresti-greenfield","status":"publish","type":"post","link":"https:\/\/www.greenfieldresidence.ro\/baneasa\/blog\/calitatea-aerului-in-bucuresti-greenfield\/","title":{"rendered":"Calitatea aerului \u00een Bucure\u0219ti &#8211; Greenfield"},"content":{"rendered":"<p class=\"MsoNormal\" style=\"text-align: left; margin-bottom: 0.0001pt;\"><span lang=\"RO\" style=\"font-size: 13pt; line-height: 107%;\">O facilitate discret<\/span><span lang=\"RO\" style=\"font-size: 13pt; line-height: 107%;\">\u0103<\/span> <span lang=\"RO\" style=\"font-size: 13pt; line-height: 107%;\">\u00ee<\/span><span lang=\"RO\" style=\"font-size: 13pt; line-height: 107%;\">ns<\/span><span lang=\"RO\" style=\"font-size: 13pt; line-height: 107%;\">\u0103<\/span><span lang=\"RO\" style=\"font-size: 13pt; line-height: 107%;\"> cu impact major pentru o experien<\/span><span lang=\"RO\" style=\"font-size: 13pt; line-height: 107%;\">\u021b\u0103<\/span><span lang=\"RO\" style=\"font-size: 13pt; line-height: 107%;\"> de locuire premium o reprezint<\/span><span lang=\"RO\" style=\"font-size: 13pt; line-height: 107%;\">\u0103<\/span><span lang=\"RO\" style=\"font-size: 13pt; line-height: 107%;\"> calitatea aerului dintr-un proiect reziden<\/span><span lang=\"RO\" style=\"font-size: 13pt; line-height: 107%;\">\u021b<\/span><span lang=\"RO\" style=\"font-size: 13pt; line-height: 107%;\">ial. <\/span><span lang=\"RO\" style=\"font-size: 13pt; line-height: 107%;\">\u00ce<\/span><span lang=\"RO\" style=\"font-size: 13pt; line-height: 107%;\">ntr-o<br \/>\nmetropol<\/span><span lang=\"RO\" style=\"font-size: 13pt; line-height: 107%;\">\u0103<\/span> <span lang=\"RO\" style=\"font-size: 13pt; line-height: 107%;\">\u00ee<\/span><span lang=\"RO\" style=\"font-size: 13pt; line-height: 107%;\">n plin<\/span><span lang=\"RO\" style=\"font-size: 13pt; line-height: 107%;\">\u0103<\/span><span lang=\"RO\" style=\"font-size: 13pt; line-height: 107%;\"><br \/>\ndezvoltare precum Bucure<\/span><span lang=\"RO\" style=\"font-size: 13pt; line-height: 107%;\">\u0219<\/span><span lang=\"RO\" style=\"font-size: 13pt; line-height: 107%;\">tiul<br \/>\nexist<\/span><span lang=\"RO\" style=\"font-size: 13pt; line-height: 107%;\">\u0103<\/span><span lang=\"RO\" style=\"font-size: 13pt; line-height: 107%;\"> o loca<\/span><span lang=\"RO\" style=\"font-size: 13pt; line-height: 107%;\">\u021b<\/span><span lang=\"RO\" style=\"font-size: 13pt; line-height: 107%;\">ie care<br \/>\n<\/span><span lang=\"RO\" style=\"font-size: 13pt; line-height: 107%;\">\u00ee<\/span><span lang=\"RO\" style=\"font-size: 13pt; line-height: 107%;\">ndepline<\/span><span lang=\"RO\" style=\"font-size: 13pt; line-height: 107%;\">\u0219<\/span><span lang=\"RO\" style=\"font-size: 13pt; line-height: 107%;\">te<br \/>\naceste criterii <\/span><span lang=\"RO\" style=\"font-size: 13pt; line-height: 107%;\">\u0219<\/span><span lang=\"RO\" style=\"font-size: 13pt; line-height: 107%;\">i unde te po<\/span><span lang=\"RO\" style=\"font-size: 13pt; line-height: 107%;\">\u021b<\/span><span lang=\"RO\" style=\"font-size: 13pt; line-height: 107%;\">i conecta cu natura <\/span><span lang=\"RO\" style=\"font-size: 13pt; line-height: 107%;\">\u0219<\/span><span lang=\"RO\" style=\"font-size: 13pt; line-height: 107%;\">i respira aer curat <\/span><span lang=\"RO\" style=\"font-size: 13pt; line-height: 107%;\">\u00ee<\/span><span lang=\"RO\" style=\"font-size: 13pt; line-height: 107%;\">n permanen<\/span><span lang=\"RO\" style=\"font-size: 13pt; line-height: 107%;\">\u021b\u0103<\/span><span lang=\"RO\" style=\"font-size: 13pt; line-height: 107%;\">.<\/span><\/p>\n<p class=\"MsoNormal\" style=\"margin-bottom: .0001pt; text-align: justify;\"><span lang=\"RO\" style=\"font-size: 13pt; line-height: 107%;\"><span lang=\"RO\" style=\"font-size: 13pt; line-height: 107%;\">\u00a0<\/span><\/span><\/p>\n<p class=\"MsoNormal\" style=\"text-align: left; margin-bottom: 0.0001pt;\"><span lang=\"RO\" style=\"font-size: 13pt; line-height: 107%;\"><span lang=\"RO\" style=\"font-size: 13pt; line-height: 107%;\">\u00ce<\/span><span lang=\"RO\" style=\"font-size: 13pt; line-height: 107%;\">nconjurat de 900 de hectare de p<\/span><span lang=\"RO\" style=\"font-size: 13pt; line-height: 107%;\">\u0103<\/span><span lang=\"RO\" style=\"font-size: 13pt; line-height: 107%;\">dure, <a href=\"https:\/\/www.greenfieldresidence.ro\/baneasa\/apartamente-noi-vanzare\/?utm_source=BlogGreenfield_DigitalAtelier&amp;utm_medium=articol&amp;utm_term=aer_curat\/\" target=\"_blank\" rel=\"noopener noreferrer\">cartierul Greenfield din B<\/a><\/span><span lang=\"RO\" style=\"font-size: 13pt; line-height: 107%;\"><a href=\"https:\/\/www.greenfieldresidence.ro\/baneasa\/apartamente-noi-vanzare\/?utm_source=BlogGreenfield_DigitalAtelier&amp;utm_medium=articol&amp;utm_term=aer_curat\" target=\"_blank\" rel=\"noopener noreferrer\">\u0103<\/a><\/span><span lang=\"RO\" style=\"font-size: 13pt; line-height: 107%;\"><a href=\"https:\/\/www.greenfieldresidence.ro\/baneasa\/apartamente-noi-vanzare\/?utm_source=BlogGreenfield_DigitalAtelier&amp;utm_medium=articol&amp;utm_term=aer_curat\" target=\"_blank\" rel=\"noopener noreferrer\">neasa<\/a> se afl<\/span><span lang=\"RO\" style=\"font-size: 13pt; line-height: 107%;\">\u0103<\/span> <span lang=\"RO\" style=\"font-size: 13pt; line-height: 107%;\">\u00ee<\/span><span lang=\"RO\" style=\"font-size: 13pt; line-height: 107%;\">ntr-o loca<\/span><span lang=\"RO\" style=\"font-size: 13pt; line-height: 107%;\">\u021b<\/span><span lang=\"RO\" style=\"font-size: 13pt; line-height: 107%;\">ie<br \/>\nprivilegiat<\/span><span lang=\"RO\" style=\"font-size: 13pt; line-height: 107%;\">\u0103<\/span><span lang=\"RO\" style=\"font-size: 13pt; line-height: 107%;\"> care garanteaz<\/span><span lang=\"RO\" style=\"font-size: 13pt; line-height: 107%;\">\u0103<\/span><span lang=\"RO\" style=\"font-size: 13pt; line-height: 107%;\"> locuitorilor un mediu ideal pentru locuire <\/span><span lang=\"RO\" style=\"font-size: 13pt; line-height: 107%;\">\u0219<\/span><span lang=\"RO\" style=\"font-size: 13pt; line-height: 107%;\">i petrecere a timpului liber. Iar tehnologia ne permite<br \/>\nsa afl<\/span><span lang=\"RO\" style=\"font-size: 13pt; line-height: 107%;\">\u0103<\/span><span lang=\"RO\" style=\"font-size: 13pt; line-height: 107%;\">m mai multe despre calitatea aerului pe care <\/span><span lang=\"RO\" style=\"font-size: 13pt; line-height: 107%;\">\u00ee<\/span><span lang=\"RO\" style=\"font-size: 13pt; line-height: 107%;\">l respir<\/span><span lang=\"RO\" style=\"font-size: 13pt; line-height: 107%;\">\u0103<\/span><span lang=\"RO\" style=\"font-size: 13pt; line-height: 107%;\">m<br \/>\nzilnic. <\/span><span lang=\"RO\" style=\"font-size: 13pt; line-height: 107%;\">\u00ce<\/span><span lang=\"RO\" style=\"font-size: 13pt; line-height: 107%;\">n complexul<br \/>\nGreenfield vei putea afla la minut principalii parametrii privind calitatea<br \/>\naerului. Totul se realizeaz<\/span><span lang=\"RO\" style=\"font-size: 13pt; line-height: 107%;\">\u0103<\/span><span lang=\"RO\" style=\"font-size: 13pt; line-height: 107%;\"> prin<br \/>\nintermediul unei re<\/span><span lang=\"RO\" style=\"font-size: 13pt; line-height: 107%;\">\u021b<\/span><span lang=\"RO\" style=\"font-size: 13pt; line-height: 107%;\">ele de senzori care<br \/>\nanalizeaz<\/span><span lang=\"RO\" style=\"font-size: 13pt; line-height: 107%;\">\u0103<\/span> <span lang=\"RO\" style=\"font-size: 13pt; line-height: 107%;\">\u00ee<\/span><span lang=\"RO\" style=\"font-size: 13pt; line-height: 107%;\">n permanen<\/span><span lang=\"RO\" style=\"font-size: 13pt; line-height: 107%;\">\u021b\u0103<\/span><span lang=\"RO\" style=\"font-size: 13pt; line-height: 107%;\"> cei<br \/>\nmai importan<\/span><span lang=\"RO\" style=\"font-size: 13pt; line-height: 107%;\">\u021b<\/span><span lang=\"RO\" style=\"font-size: 13pt; line-height: 107%;\">i indicatori, cu<br \/>\nop<\/span><span lang=\"RO\" style=\"font-size: 13pt; line-height: 107%;\">\u021b<\/span><span lang=\"RO\" style=\"font-size: 13pt; line-height: 107%;\">iunea de a trimite notific<\/span><span lang=\"RO\" style=\"font-size: 13pt; line-height: 107%;\">\u0103<\/span><span lang=\"RO\" style=\"font-size: 13pt; line-height: 107%;\">ri <\/span><span lang=\"RO\" style=\"font-size: 13pt; line-height: 107%;\">\u0219<\/span><span lang=\"RO\" style=\"font-size: 13pt; line-height: 107%;\">i<br \/>\nalerte despre nivelurile de poluare urban<\/span><span lang=\"RO\" style=\"font-size: 13pt; line-height: 107%;\">\u0103<\/span><span lang=\"RO\" style=\"font-size: 13pt; line-height: 107%;\">.<\/span><\/span>\u00a0\u00a0\u00a0\u00a0<span lang=\"RO\" style=\"font-size: 13pt; line-height: 107%;\"><br \/>\n<\/span><\/p>\n<p class=\"MsoNormal\" style=\"text-align: left; margin-bottom: 0.0001pt;\"><b><span lang=\"RO\" style=\"font-size: 13pt; line-height: 107%;\">Po<\/span><span lang=\"RO\" style=\"font-size: 13.0pt; line-height: 107%;\">\u021b<\/span><span lang=\"RO\" style=\"font-size: 13pt; line-height: 107%;\">i consulta <\/span><span lang=\"RO\" style=\"font-size: 13.0pt; line-height: 107%;\">\u00ee<\/span><\/b><span lang=\"RO\" style=\"font-size: 13pt; line-height: 107%;\"><b>n<br \/>\ntimp real<\/b> cele ma<\/span><span lang=\"RO\" style=\"font-size: 13pt; line-height: 107%;\">i importante date referitoarea la <a href=\"https:\/\/www.greenfieldresidence.ro\/baneasa\/blog\/greenfield-respira-aer-curat-vino-si-convinge-te\/\" target=\"_blank\" rel=\"noopener noreferrer\">aerul din Greenfield<\/a> direct<br \/>\npe site-ul proiectului: <\/span><span style=\"font-size: 13pt; line-height: 107%;\"><a href=\"https:\/\/www.greenfieldresidence.ro\/baneasa\/\">www.greenfieldresidence.ro<\/a><\/span><span style=\"font-size: 13pt; line-height: 107%;\">\u00a0La nivel urban, cei mai importan<\/span><span style=\"font-size: 13.0pt; line-height: 107%;\">\u021b<\/span><span style=\"font-size: 13pt; line-height: 107%;\">i indicatori sunt cei referitori la pulberile<br \/>\nsuspendate din aer (PM2.5 <\/span><span style=\"font-size: 13.0pt; line-height: 107%;\">\u0219<\/span><span style=\"font-size: 13pt; line-height: 107%;\">i<br \/>\nPM10), monoxidul de carbon (CO) rezultat <\/span><span style=\"font-size: 13.0pt; line-height: 107%;\">\u00ee<\/span><span style=\"font-size: 13pt; line-height: 107%;\">n urma arderii combustibililor fosili, dar <\/span><span style=\"font-size: 13.0pt; line-height: 107%;\">\u0219<\/span><span style=\"font-size: 13pt; line-height: 107%;\">i parametrii privind<br \/>\ndioxidul de azot (CO2), un alt poluant generat de procesele de ardere. Un alt gaz<br \/>\npoluant m<\/span><span style=\"font-size: 13.0pt; line-height: 107%;\">\u0103<\/span><span style=\"font-size: 13pt; line-height: 107%;\">surat<br \/>\nla nivel urban este dioxidul de nitrogen (NO2). Acesta este produs de traficul<br \/>\nrutier <\/span><span style=\"font-size: 13.0pt; line-height: 107%;\">\u0219<\/span><span style=\"font-size: 13pt; line-height: 107%;\">i<br \/>\nalte procese de ardere.<\/span><\/p>\n<p class=\"MsoNormal\" style=\"margin-bottom: .0001pt; text-align: justify;\"><span style=\"font-size: 13pt; line-height: 107%;\">\u00a0<\/span><\/p>\n<p class=\"MsoNormal\" style=\"margin-bottom: .0001pt; text-align: justify;\"><b><span style=\"font-size: 13pt; line-height: 107%;\">\u00a0<\/span><\/b><\/p>\n<p class=\"MsoNormal\" style=\"margin-bottom: .0001pt; text-align: justify;\"><b><span style=\"font-size: 13pt; line-height: 107%;\">Aer<br \/>\nca la munte <\/span><\/b><b><span style=\"font-size: 13.0pt; line-height: 107%;\">\u0219<\/span><\/b><b><span style=\"font-size: 13pt; line-height: 107%;\">i <\/span><\/b><b><span style=\"font-size: 13.0pt; line-height: 107%;\">\u00ee<\/span><\/b><b><span style=\"font-size: 13pt; line-height: 107%;\">n Bucure<\/span><\/b><b><span style=\"font-size: 13.0pt; line-height: 107%;\">\u0219<\/span><\/b><b><span style=\"font-size: 13pt; line-height: 107%;\">ti, l<\/span><\/b><b><span style=\"font-size: 13.0pt; line-height: 107%;\">\u00e2<\/span><\/b><b><span style=\"font-size: 13pt; line-height: 107%;\">ng<\/span><\/b><b><span style=\"font-size: 13.0pt; line-height: 107%;\">\u0103<\/span><\/b><b><span style=\"font-size: 13pt; line-height: 107%;\"> p<\/span><\/b><b><span style=\"font-size: 13.0pt; line-height: 107%;\">\u0103<\/span><\/b><b><span style=\"font-size: 13pt; line-height: 107%;\">dure<\/span><\/b><\/p>\n<p class=\"MsoNormal\" style=\"text-align: left; margin-bottom: 0.0001pt;\"><span style=\"font-size: 13pt; line-height: 107%;\">Bog<\/span><span style=\"font-size: 13.0pt; line-height: 107%;\">\u0103\u021b<\/span><span style=\"font-size: 13pt; line-height: 107%;\">ia datelor <\/span><span style=\"font-size: 13.0pt; line-height: 107%;\">\u0219<\/span><span style=\"font-size: 13pt; line-height: 107%;\">i extinderea<br \/>\ninfrastructurii de colectare a informa<\/span><span style=\"font-size: 13.0pt; line-height: 107%;\">\u021b<\/span><span style=\"font-size: 13pt; line-height: 107%;\">iilor privind aerul la nivel na<\/span><span style=\"font-size: 13.0pt; line-height: 107%;\">\u021b<\/span><span style=\"font-size: 13pt; line-height: 107%;\">ional ne permit s<\/span><span style=\"font-size: 13.0pt; line-height: 107%;\">\u0103<\/span><span style=\"font-size: 13pt; line-height: 107%;\"> compar<\/span><span style=\"font-size: 13.0pt; line-height: 107%;\">\u0103<\/span><span style=\"font-size: 13pt; line-height: 107%;\">m calitatea aerului <\/span><span style=\"font-size: 13.0pt; line-height: 107%;\">\u00ee<\/span><span style=\"font-size: 13pt; line-height: 107%;\">ntre mai multe zone urbane<br \/>\ndin Rom<\/span><span style=\"font-size: 13.0pt; line-height: 107%;\">\u00e2<\/span><span style=\"font-size: 13pt; line-height: 107%;\">nia.<br \/>\n<\/span><span style=\"font-size: 13.0pt; line-height: 107%;\">\u00ce<\/span><span style=\"font-size: 13pt; line-height: 107%;\">n<br \/>\nexerci<\/span><span style=\"font-size: 13.0pt; line-height: 107%;\">\u021b<\/span><span style=\"font-size: 13pt; line-height: 107%;\">iul<br \/>\nnostru vom compara indicatorii din Greenfield cu cei din zone aflate la<br \/>\naltitudini mai mari, <\/span><span style=\"font-size: 13.0pt; line-height: 107%;\">\u00ee<\/span><span style=\"font-size: 13pt; line-height: 107%;\">n<br \/>\nspecial <\/span><span style=\"font-size: 13.0pt; line-height: 107%;\">\u00ee<\/span><span style=\"font-size: 13pt; line-height: 107%;\">n<br \/>\napropierea mun<\/span><span style=\"font-size: 13.0pt; line-height: 107%;\">\u021b<\/span><span style=\"font-size: 13pt; line-height: 107%;\">ilor.<\/span><\/p>\n<p class=\"MsoNormal\" style=\"text-align: left; margin-bottom: 0.0001pt;\"><span style=\"font-size: 13pt; line-height: 107%;\">\u00a0<\/span><\/p>\n<p class=\"MsoNormal\" style=\"text-align: left; margin-bottom: 0.0001pt;\"><span style=\"font-size: 13pt; line-height: 107%;\">Luni<br \/>\ndiminea<\/span><span style=\"font-size: 13pt; line-height: 107%;\">\u021b<\/span><span style=\"font-size: 13pt; line-height: 107%;\">a<br \/>\n(20 iulie 2020), <\/span><span style=\"font-size: 13pt; line-height: 107%;\">\u00ee<\/span><span style=\"font-size: 13pt; line-height: 107%;\">n<br \/>\nGreenfield era <\/span><span style=\"font-size: 13pt; line-height: 107%;\">\u00ee<\/span><span style=\"font-size: 13pt; line-height: 107%;\">nregistrat<br \/>\nun indicator <b>PM10<\/b> de 14 <\/span><span style=\"font-size: 13pt; line-height: 107%;\">\u00b5<\/span><span style=\"font-size: 13pt; line-height: 107%;\">g\/m3<br \/>\n(micrograme\/metru cub), <\/span><span style=\"font-size: 13pt; line-height: 107%;\">\u00ee<\/span><span style=\"font-size: 13pt; line-height: 107%;\">n<br \/>\ntimp ce la Bra<\/span><span style=\"font-size: 13pt; line-height: 107%;\">\u0219<\/span><span style=\"font-size: 13pt; line-height: 107%;\">ov,<br \/>\nora<\/span><span style=\"font-size: 13pt; line-height: 107%;\">\u0219<\/span><span style=\"font-size: 13pt; line-height: 107%;\"><br \/>\nde munte, aflat la o altitudine de peste 600 de metri, nivelul de PM10 la cele<br \/>\n5 sta<\/span><span style=\"font-size: 13pt; line-height: 107%;\">\u021b<\/span><span style=\"font-size: 13pt; line-height: 107%;\">ii<br \/>\nde monitorizare s-a situat <\/span><span style=\"font-size: 13pt; line-height: 107%;\">\u00ee<\/span><span style=\"font-size: 13pt; line-height: 107%;\">ntre<br \/>\n14,38 si 32,2 <\/span><span style=\"font-size: 13pt; line-height: 107%;\">\u00b5<\/span><span style=\"font-size: 13pt; line-height: 107%;\">g\/m\u00b3,\u00a0 potrivit datelor disponibile la calitateaer.ro\u00a0<\/span><span style=\"font-size: 13pt; line-height: 107%;\">\u00ce<\/span><span style=\"font-size: 13pt; line-height: 107%;\">n Sf<\/span><span style=\"font-size: 13pt; line-height: 107%;\">\u00e2<\/span><span style=\"font-size: 13pt; line-height: 107%;\">ntu Gheorghe, aflat la<br \/>\npeste 500 de metri altitudine, nivelul de PM 10 era de 21.08<\/span><span style=\"font-size: 13pt; line-height: 107%;\">\u00b5<\/span><span style=\"font-size: 13pt; line-height: 107%;\">g\/m\u00b3, <\/span><span style=\"font-size: 13pt; line-height: 107%;\">\u00ee<\/span><span style=\"font-size: 13pt; line-height: 107%;\">n timp ce <\/span><span style=\"font-size: 13pt; line-height: 107%;\">\u00ee<\/span><span style=\"font-size: 13pt; line-height: 107%;\">n apropiere de Bicaz<br \/>\nnivelul pulberilor era de 23.75<\/span><span style=\"font-size: 13pt; line-height: 107%;\">\u00b5<\/span><span style=\"font-size: 13pt; line-height: 107%;\">g\/m\u00b3.<\/span><\/p>\n<p class=\"MsoNormal\" style=\"margin-bottom: .0001pt; text-align: justify;\"><span style=\"font-size: 13pt; line-height: 107%;\">\u00a0<\/span><\/p>\n<p class=\"MsoNormal\" style=\"margin-bottom: .0001pt; text-align: justify;\"><span style=\"font-size: 13pt; line-height: 107%;\">\u00a0<\/span><\/p>\n<p class=\"MsoNormal\" style=\"text-align: left; margin-bottom: 0.0001pt;\"><span style=\"font-size: 13pt; line-height: 107%;\">Nivelul<br \/>\nde <b>NO2<\/b> din Greenfield, la aceeasi data era de 0,28 <\/span><span style=\"font-size: 13.0pt; line-height: 107%;\">\u00b5<\/span><span style=\"font-size: 13pt; line-height: 107%;\">g\/m3, <\/span><span style=\"font-size: 13.0pt; line-height: 107%;\">\u00ee<\/span><span style=\"font-size: 13pt; line-height: 107%;\">n timp ce la Bra<\/span><span style=\"font-size: 13.0pt; line-height: 107%;\">\u0219<\/span><span style=\"font-size: 13pt; line-height: 107%;\">ov acesta a <\/span><span style=\"font-size: 13.0pt; line-height: 107%;\">\u00ee<\/span><span style=\"font-size: 13pt; line-height: 107%;\">nregistrat valori cuprinse<br \/>\n<\/span><span style=\"font-size: 13.0pt; line-height: 107%;\">\u00ee<\/span><span style=\"font-size: 13pt; line-height: 107%;\">ntre<br \/>\n42,39 si 59,71<\/span><span style=\"font-size: 13.0pt; line-height: 107%;\">\u00b5<\/span><span style=\"font-size: 13pt; line-height: 107%;\">g\/m\u00b3.<br \/>\n<\/span><span style=\"font-size: 13.0pt; line-height: 107%;\">\u00ce<\/span><span style=\"font-size: 13pt; line-height: 107%;\">n<br \/>\napropiere de Bicaz, nivelul de dioxid de nitrogen era de 13.47<\/span><span style=\"font-size: 13.0pt; line-height: 107%;\">\u00b5<\/span><span style=\"font-size: 13pt; line-height: 107%;\">g\/m\u00b3, potrivit m<\/span><span style=\"font-size: 13.0pt; line-height: 107%;\">\u0103<\/span><span style=\"font-size: 13pt; line-height: 107%;\">sur<\/span><span style=\"font-size: 13.0pt; line-height: 107%;\">\u0103<\/span><span style=\"font-size: 13pt; line-height: 107%;\">torilor disponibile la calitateaer.ro\u00a0Platforma<br \/>\npublic<\/span><span style=\"font-size: 13.0pt; line-height: 107%;\">\u0103<\/span> <span style=\"font-size: 13.0pt; line-height: 107%;\">\u00ee\u021b<\/span><span style=\"font-size: 13pt; line-height: 107%;\">i va permite s<\/span><span style=\"font-size: 13.0pt; line-height: 107%;\">\u0103<\/span><span style=\"font-size: 13pt; line-height: 107%;\"> analizezi <\/span><span style=\"font-size: 13.0pt; line-height: 107%;\">\u00ee<\/span><span style=\"font-size: 13pt; line-height: 107%;\">n timp real calitatea<br \/>\naerului din numeroase zone ale <\/span><span style=\"font-size: 13.0pt; line-height: 107%;\">\u021b\u0103<\/span><span style=\"font-size: 13pt; line-height: 107%;\">rii.<\/span><\/p>\n<p class=\"MsoNormal\" style=\"margin-bottom: .0001pt; text-align: justify;\"><img fetchpriority=\"high\" decoding=\"async\" class=\"alignnone\" style=\"width: 1390px;\" src=\"https:\/\/apartamente.greenfieldresidence.ro\/image\/catalog\/Greenfield - calitate aer Bucure\u0219ti.JPG\" alt=\"Blocuri noi \u00een ansamblul reziden\u021bial Greenfield din Bucure\u0219ti Nord\" width=\"13048\" height=\"3642\" \/><span style=\"font-size: 13pt; line-height: 107%;\"><br \/>\n<\/span><\/p>\n<p class=\"MsoNormal\" style=\"margin-bottom: .0001pt; text-align: justify;\"><span style=\"font-size: 13pt; line-height: 107%;\">\u00a0<\/span><\/p>\n<p class=\"MsoNormal\" style=\"text-align: left; margin-bottom: 0.0001pt;\"><span style=\"font-size: 13pt; line-height: 107%;\">Trebuie<br \/>\nmen<\/span><span style=\"font-size: 13pt; line-height: 107%;\">\u021b<\/span><span style=\"font-size: 13pt; line-height: 107%;\">ionat<br \/>\nfaptul c<\/span><span style=\"font-size: 13pt; line-height: 107%;\">\u0103<\/span><span style=\"font-size: 13pt; line-height: 107%;\"> indicatorii<br \/>\nsuperiori privind calitatea aerului din complexul Greenfield sunt ob<\/span><span style=\"font-size: 13pt; line-height: 107%;\">\u021b<\/span><span style=\"font-size: 13pt; line-height: 107%;\">inu<\/span><span style=\"font-size: 13pt; line-height: 107%;\">\u021b<\/span><span style=\"font-size: 13pt; line-height: 107%;\">i datorit<\/span><span style=\"font-size: 13pt; line-height: 107%;\">\u0103<\/span><span style=\"font-size: 13pt; line-height: 107%;\"> pozi<\/span><span style=\"font-size: 13pt; line-height: 107%;\">\u021b<\/span><span style=\"font-size: 13pt; line-height: 107%;\">ion<\/span><span style=\"font-size: 13pt; line-height: 107%;\">\u0103<\/span><span style=\"font-size: 13pt; line-height: 107%;\">rii <\/span><span style=\"font-size: 13pt; line-height: 107%;\">\u00ee<\/span><span style=\"font-size: 13pt; line-height: 107%;\">n vecin<\/span><span style=\"font-size: 13pt; line-height: 107%;\">\u0103<\/span><span style=\"font-size: 13pt; line-height: 107%;\">tatea P<\/span><span style=\"font-size: 13pt; line-height: 107%;\">\u0103<\/span><span style=\"font-size: 13pt; line-height: 107%;\">durii B<\/span><span style=\"font-size: 13pt; line-height: 107%;\">\u0103<\/span><span style=\"font-size: 13pt; line-height: 107%;\">neasa-Tunari, care acoper<\/span><span style=\"font-size: 13pt; line-height: 107%;\">\u0103<\/span><span style=\"font-size: 13pt; line-height: 107%;\"> c<\/span><span style=\"font-size: 13pt; line-height: 107%;\">\u00e2<\/span><span style=\"font-size: 13pt; line-height: 107%;\">teva sute de hectare.<br \/>\nAceasta genereaz<\/span><span style=\"font-size: 13pt; line-height: 107%;\">\u0103<\/span><span style=\"font-size: 13pt; line-height: 107%;\"><br \/>\nconstant o surs<\/span><span style=\"font-size: 13pt; line-height: 107%;\">\u0103<\/span><span style=\"font-size: 13pt; line-height: 107%;\"><br \/>\nproasp<\/span><span style=\"font-size: 13pt; line-height: 107%;\">\u0103<\/span><span style=\"font-size: 13pt; line-height: 107%;\">t<\/span><span style=\"font-size: 13pt; line-height: 107%;\">\u0103<\/span><span style=\"font-size: 13pt; line-height: 107%;\"> de oxigen care atenueaz<\/span><span style=\"font-size: 13pt; line-height: 107%;\">\u0103<\/span><span style=\"font-size: 13pt; line-height: 107%;\"> impactul traficului<br \/>\nrutier din partea de nord a ora<\/span><span style=\"font-size: 13pt; line-height: 107%;\">\u0219<\/span><span style=\"font-size: 13pt; line-height: 107%;\">ului.<br \/>\nP<\/span><span style=\"font-size: 13pt; line-height: 107%;\">\u0103<\/span><span style=\"font-size: 13pt; line-height: 107%;\">durea<br \/>\nreprezint<\/span><span style=\"font-size: 13pt; line-height: 107%;\">\u0103<\/span><span style=\"font-size: 13pt; line-height: 107%;\"> o<br \/>\nveritabil<\/span><span style=\"font-size: 13pt; line-height: 107%;\">\u0103<\/span><span style=\"font-size: 13pt; line-height: 107%;\"><br \/>\nbarier<\/span><span style=\"font-size: 13pt; line-height: 107%;\">\u0103<\/span><span style=\"font-size: 13pt; line-height: 107%;\"><br \/>\nnatural <\/span><span style=\"font-size: 13pt; line-height: 107%;\">\u00ee<\/span><span style=\"font-size: 13pt; line-height: 107%;\">mpotriva<br \/>\npolu<\/span><span style=\"font-size: 13pt; line-height: 107%;\">\u0103<\/span><span style=\"font-size: 13pt; line-height: 107%;\">rii<br \/>\nchimice <\/span><span style=\"font-size: 13pt; line-height: 107%;\">\u0219<\/span><span style=\"font-size: 13pt; line-height: 107%;\">i<br \/>\nfonice.<\/span><\/p>\n<p class=\"MsoNormal\" style=\"text-align: left; margin-bottom: 0.0001pt;\"><span style=\"font-size: 13pt; line-height: 107%;\">\u00a0<\/span><\/p>\n<p class=\"MsoNormal\" style=\"text-align: left; margin-bottom: 0.0001pt;\"><span style=\"font-size: 13pt; line-height: 107%;\">Astfel,<br \/>\nloca<\/span><span style=\"font-size: 13.0pt; line-height: 107%;\">\u021b<\/span><span style=\"font-size: 13pt; line-height: 107%;\">ia<br \/>\nunic<\/span><span style=\"font-size: 13.0pt; line-height: 107%;\">\u0103<\/span><span style=\"font-size: 13pt; line-height: 107%;\">,<br \/>\nreprezentat<\/span><span style=\"font-size: 13.0pt; line-height: 107%;\">\u0103<\/span><span style=\"font-size: 13pt; line-height: 107%;\"><br \/>\nde un mediu lini<\/span><span style=\"font-size: 13.0pt; line-height: 107%;\">\u0219<\/span><span style=\"font-size: 13pt; line-height: 107%;\">tit<br \/>\n<\/span><span style=\"font-size: 13.0pt; line-height: 107%;\">\u0219<\/span><span style=\"font-size: 13pt; line-height: 107%;\">i<br \/>\ncalitatea superioar<\/span><span style=\"font-size: 13.0pt; line-height: 107%;\">\u0103<\/span><span style=\"font-size: 13pt; line-height: 107%;\"> a<br \/>\naerului, caracteristici identificate de regul<\/span><span style=\"font-size: 13.0pt; line-height: 107%;\">\u0103<\/span> <span style=\"font-size: 13.0pt; line-height: 107%;\">\u00ee<\/span><span style=\"font-size: 13pt; line-height: 107%;\">ntr-un<br \/>\nora<\/span><span style=\"font-size: 13.0pt; line-height: 107%;\">\u0219<\/span><span style=\"font-size: 13pt; line-height: 107%;\"><br \/>\nde munte, fac din Greenfield B<\/span><span style=\"font-size: 13.0pt; line-height: 107%;\">\u0103<\/span><span style=\"font-size: 13pt; line-height: 107%;\">neasa<br \/>\nlocul ideal pentru familii cu copii, iubitorii de activit<\/span><span style=\"font-size: 13.0pt; line-height: 107%;\">\u0103\u021b<\/span><span style=\"font-size: 13pt; line-height: 107%;\">i <\/span><span style=\"font-size: 13.0pt; line-height: 107%;\">\u00ee<\/span><span style=\"font-size: 13pt; line-height: 107%;\">n natur<\/span><span style=\"font-size: 13.0pt; line-height: 107%;\">\u0103<\/span> <span style=\"font-size: 13.0pt; line-height: 107%;\">\u0219<\/span><span style=\"font-size: 13pt; line-height: 107%;\">i, <\/span><span style=\"font-size: 13.0pt; line-height: 107%;\">\u00ee<\/span><span style=\"font-size: 13pt; line-height: 107%;\">n general, pentru oamenii<br \/>\ninteresa<\/span><span style=\"font-size: 13.0pt; line-height: 107%;\">\u021b<\/span><span style=\"font-size: 13pt; line-height: 107%;\">i<br \/>\nde un stil de via<\/span><span style=\"font-size: 13.0pt; line-height: 107%;\">\u021b\u0103<\/span><span style=\"font-size: 13pt; line-height: 107%;\"> s<\/span><span style=\"font-size: 13.0pt; line-height: 107%;\">\u0103<\/span><span style=\"font-size: 13pt; line-height: 107%;\">n<\/span><span style=\"font-size: 13.0pt; line-height: 107%;\">\u0103<\/span><span style=\"font-size: 13pt; line-height: 107%;\">tos.<\/span><\/p>\n<p class=\"MsoNormal\" style=\"text-align: left; margin-bottom: 0.0001pt;\"><b><span style=\"font-size: 13pt; line-height: 107%;\">\u00a0<\/span><\/b><\/p>\n<p class=\"MsoNormal\" style=\"margin-bottom: .0001pt; text-align: justify;\"><b><span style=\"font-size: 13pt; line-height: 107%;\">\u00a0<\/span><\/b><\/p>\n<p class=\"MsoNormal\" style=\"margin-bottom: .0001pt; text-align: justify;\"><b><span style=\"font-size: 13pt; line-height: 107%;\">Starea<br \/>\nde bine oferit<\/span><\/b><b><span style=\"font-size: 13.0pt; line-height: 107%;\">\u0103<\/span><\/b><b><span style=\"font-size: 13pt; line-height: 107%;\"><br \/>\nde natur<\/span><\/b><b><span style=\"font-size: 13.0pt; line-height: 107%;\">\u0103<\/span><\/b><\/p>\n<p class=\"MsoNormal\" style=\"margin-bottom: .0001pt; text-align: justify;\"><b><span style=\"font-size: 13.0pt; line-height: 107%;\"><br \/>\n<\/span><\/b><b><\/b><\/p>\n<p class=\"MsoNormal\" style=\"text-align: left; margin-bottom: 0.0001pt;\"><span style=\"font-size: 13pt; line-height: 107%;\">Conceptul<br \/>\nde home wellbeing, tradus drept stare de bine acas<\/span><span style=\"font-size: 13.0pt; line-height: 107%;\">\u0103<\/span><span style=\"font-size: 13pt; line-height: 107%;\">, <\/span><span style=\"font-size: 13.0pt; line-height: 107%;\">\u00ee<\/span><span style=\"font-size: 13pt; line-height: 107%;\">nglobeaz<\/span><span style=\"font-size: 13.0pt; line-height: 107%;\">\u0103<\/span><span style=\"font-size: 13pt; line-height: 107%;\"> o serie de principii care<br \/>\n<\/span><span style=\"font-size: 13.0pt; line-height: 107%;\">\u021b<\/span><span style=\"font-size: 13pt; line-height: 107%;\">in<br \/>\nde design-ul interior, compartimentare, accesorii <\/span><span style=\"font-size: 13.0pt; line-height: 107%;\">\u0219<\/span><span style=\"font-size: 13pt; line-height: 107%;\">i cromatica <\/span><span style=\"font-size: 13.0pt; line-height: 107%;\">\u00ee<\/span><span style=\"font-size: 13pt; line-height: 107%;\">nc<\/span><span style=\"font-size: 13.0pt; line-height: 107%;\">\u0103<\/span><span style=\"font-size: 13pt; line-height: 107%;\">perilor, <\/span><span style=\"font-size: 13.0pt; line-height: 107%;\">\u00ee<\/span><span style=\"font-size: 13pt; line-height: 107%;\">ns<\/span><span style=\"font-size: 13.0pt; line-height: 107%;\">\u0103<\/span><span style=\"font-size: 13pt; line-height: 107%;\"> conteaz<\/span><span style=\"font-size: 13.0pt; line-height: 107%;\">\u0103<\/span><span style=\"font-size: 13pt; line-height: 107%;\"> foarte mult <\/span><span style=\"font-size: 13.0pt; line-height: 107%;\">\u0219<\/span><span style=\"font-size: 13pt; line-height: 107%;\">i priveli<\/span><span style=\"font-size: 13.0pt; line-height: 107%;\">\u0219<\/span><span style=\"font-size: 13pt; line-height: 107%;\">tea pe care o po<\/span><span style=\"font-size: 13.0pt; line-height: 107%;\">\u021b<\/span><span style=\"font-size: 13pt; line-height: 107%;\">i avea c<\/span><span style=\"font-size: 13.0pt; line-height: 107%;\">\u00e2<\/span><span style=\"font-size: 13pt; line-height: 107%;\">nd deschizi geamul.<\/span><\/p>\n<p class=\"MsoNormal\" style=\"text-align: left; margin-bottom: 0.0001pt;\"><span style=\"font-size: 13pt; line-height: 107%;\">Lini<\/span><span style=\"font-size: 13.0pt; line-height: 107%;\">\u0219<\/span><span style=\"font-size: 13pt; line-height: 107%;\">tea <\/span><span style=\"font-size: 13.0pt; line-height: 107%;\">\u0219<\/span><span style=\"font-size: 13pt; line-height: 107%;\">i aerul curat din Greenfield,<br \/>\ncalit<\/span><span style=\"font-size: 13.0pt; line-height: 107%;\">\u0103\u021b<\/span><span style=\"font-size: 13pt; line-height: 107%;\">i<br \/>\nsus<\/span><span style=\"font-size: 13.0pt; line-height: 107%;\">\u021b<\/span><span style=\"font-size: 13pt; line-height: 107%;\">inute<br \/>\nde apropierea de p<\/span><span style=\"font-size: 13.0pt; line-height: 107%;\">\u0103<\/span><span style=\"font-size: 13pt; line-height: 107%;\">dure,<br \/>\npermit companiei Impact Developer &amp; Contractor s<\/span><span style=\"font-size: 13.0pt; line-height: 107%;\">\u0103<\/span><span style=\"font-size: 13pt; line-height: 107%;\"> dezvolte locuin<\/span><span style=\"font-size: 13.0pt; line-height: 107%;\">\u021b<\/span><span style=\"font-size: 13pt; line-height: 107%;\">e care se integreaz<\/span><span style=\"font-size: 13.0pt; line-height: 107%;\">\u0103<\/span><span style=\"font-size: 13pt; line-height: 107%;\"> armonios <\/span><span style=\"font-size: 13.0pt; line-height: 107%;\">\u00ee<\/span><span style=\"font-size: 13pt; line-height: 107%;\">n cadrul natural. Compania<br \/>\na anun<\/span><span style=\"font-size: 13.0pt; line-height: 107%;\">\u021b<\/span><span style=\"font-size: 13pt; line-height: 107%;\">at<br \/>\nrecent c<\/span><span style=\"font-size: 13.0pt; line-height: 107%;\">\u0103<\/span><span style=\"font-size: 13pt; line-height: 107%;\"><br \/>\nva investi <\/span><span style=\"font-size: 13.0pt; line-height: 107%;\">\u00ee<\/span><span style=\"font-size: 13pt; line-height: 107%;\">n<br \/>\nnoile blocuri <a href=\"https:\/\/apartamente.greenfieldresidence.ro\/\" target=\"_blank\" rel=\"noopener noreferrer\">Panoramic Apartments<\/a>, unde va implementa noi solu<\/span><span style=\"font-size: 13.0pt; line-height: 107%;\">\u021b<\/span><span style=\"font-size: 13pt; line-height: 107%;\">ii eco-smart pentru sustenabilitate.<br \/>\nSub acest concept vor fi dezvoltate 109 apartamente pe o suprafa<\/span><span style=\"font-size: 13.0pt; line-height: 107%;\">\u021b\u0103<\/span><span style=\"font-size: 13pt; line-height: 107%;\"> de aproape 8.000 de metri<br \/>\np<\/span><span style=\"font-size: 13.0pt; line-height: 107%;\">\u0103<\/span><span style=\"font-size: 13pt; line-height: 107%;\">tra<\/span><span style=\"font-size: 13.0pt; line-height: 107%;\">\u021b<\/span><span style=\"font-size: 13pt; line-height: 107%;\">i, din care cel pu<\/span><span style=\"font-size: 13.0pt; line-height: 107%;\">\u021b<\/span><span style=\"font-size: 13pt; line-height: 107%;\">in 30% vor fi spa<\/span><span style=\"font-size: 13.0pt; line-height: 107%;\">\u021b<\/span><span style=\"font-size: 13pt; line-height: 107%;\">ii verzi.<\/span><\/p>\n<p class=\"MsoNormal\" style=\"text-align: left; margin-bottom: 0.0001pt;\"><span style=\"font-size: 13pt; line-height: 107%;\">\u00a0<\/span><\/p>\n<p class=\"MsoNormal\" style=\"text-align: left; margin-bottom: 0.0001pt;\"><span style=\"font-size: 13pt; line-height: 107%;\">\u00ce<\/span><span style=\"font-size: 13pt; line-height: 107%;\">nc<\/span><span style=\"font-size: 13pt; line-height: 107%;\">\u0103<\/span><span style=\"font-size: 13pt; line-height: 107%;\"> de la <\/span><span style=\"font-size: 13pt; line-height: 107%;\">\u00ee<\/span><span style=\"font-size: 13pt; line-height: 107%;\">nceput, strategia de<br \/>\ndezvoltare a proiectului Greenfield a mizat pe dezvoltarea principiilor de<br \/>\nwellbeing cu o suprafa<\/span><span style=\"font-size: 13pt; line-height: 107%;\">\u021b\u0103<\/span><span style=\"font-size: 13pt; line-height: 107%;\"><br \/>\ngeneroas<\/span><span style=\"font-size: 13pt; line-height: 107%;\">\u0103<\/span><span style=\"font-size: 13pt; line-height: 107%;\"><br \/>\npentru spa<\/span><span style=\"font-size: 13pt; line-height: 107%;\">\u021b<\/span><span style=\"font-size: 13pt; line-height: 107%;\">ii<br \/>\nverzi, parcuri <\/span><span style=\"font-size: 13pt; line-height: 107%;\">\u0219<\/span><span style=\"font-size: 13pt; line-height: 107%;\">i<br \/>\nloca<\/span><span style=\"font-size: 13pt; line-height: 107%;\">\u021b<\/span><span style=\"font-size: 13pt; line-height: 107%;\">ii<br \/>\nspeciale pentru practicarea sporturilor <\/span><span style=\"font-size: 13pt; line-height: 107%;\">\u00ee<\/span><span style=\"font-size: 13pt; line-height: 107%;\">n siguran<\/span><span style=\"font-size: 13pt; line-height: 107%;\">\u021b\u0103<\/span><span style=\"font-size: 13pt; line-height: 107%;\">. Principiul de dezvoltare sustenabil, cu<br \/>\naccent pe wellbeing, continu<\/span><span style=\"font-size: 13pt; line-height: 107%;\">\u0103<\/span> <span style=\"font-size: 13pt; line-height: 107%;\">\u00ee<\/span><span style=\"font-size: 13pt; line-height: 107%;\">n Greenfield <\/span><span style=\"font-size: 13pt; line-height: 107%;\">\u0219<\/span><span style=\"font-size: 13pt; line-height: 107%;\">i <\/span><span style=\"font-size: 13pt; line-height: 107%;\">\u00ee<\/span><span style=\"font-size: 13pt; line-height: 107%;\">n anii urm<\/span><span style=\"font-size: 13pt; line-height: 107%;\">\u0103<\/span><span style=\"font-size: 13pt; line-height: 107%;\">tori, av<\/span><span style=\"font-size: 13pt; line-height: 107%;\">\u00e2<\/span><span style=\"font-size: 13pt; line-height: 107%;\">nd <\/span><span style=\"font-size: 13pt; line-height: 107%;\">\u00ee<\/span><span style=\"font-size: 13pt; line-height: 107%;\">n vedere planurile de<br \/>\nextindere ale complexului care se <\/span><span style=\"font-size: 13pt; line-height: 107%;\">\u00ee<\/span><span style=\"font-size: 13pt; line-height: 107%;\">ntind p<\/span><span style=\"font-size: 13pt; line-height: 107%;\">\u00e2<\/span><span style=\"font-size: 13pt; line-height: 107%;\">n<\/span><span style=\"font-size: 13pt; line-height: 107%;\">\u0103<\/span><span style=\"font-size: 13pt; line-height: 107%;\"> spre sf<\/span><span style=\"font-size: 13pt; line-height: 107%;\">\u00e2<\/span><span style=\"font-size: 13pt; line-height: 107%;\">r<\/span><span style=\"font-size: 13pt; line-height: 107%;\">\u0219<\/span><span style=\"font-size: 13pt; line-height: 107%;\">itul acestui deceniu.<\/span><\/p>\n<p class=\"MsoNormal\" style=\"text-align: left; margin-bottom: 0.0001pt;\"><span style=\"font-size: 13pt; line-height: 107%;\">O<br \/>\nlocuin<\/span><span style=\"font-size: 13.0pt; line-height: 107%;\">\u021b\u0103<\/span><span style=\"font-size: 13pt; line-height: 107%;\"><br \/>\nde calitate <\/span><span style=\"font-size: 13.0pt; line-height: 107%;\">\u00ee<\/span><span style=\"font-size: 13pt; line-height: 107%;\">ntr-o<br \/>\nloca<\/span><span style=\"font-size: 13.0pt; line-height: 107%;\">\u021b<\/span><span style=\"font-size: 13pt; line-height: 107%;\">ie<br \/>\ncu aer curat <\/span><span style=\"font-size: 13.0pt; line-height: 107%;\">\u0219<\/span><span style=\"font-size: 13pt; line-height: 107%;\">i<br \/>\nlini<\/span><span style=\"font-size: 13.0pt; line-height: 107%;\">\u0219<\/span><span style=\"font-size: 13pt; line-height: 107%;\">te<br \/>\nva <\/span><span style=\"font-size: 13.0pt; line-height: 107%;\">\u00ee<\/span><span style=\"font-size: 13pt; line-height: 107%;\">mbun<\/span><span style=\"font-size: 13.0pt; line-height: 107%;\">\u0103<\/span><span style=\"font-size: 13pt; line-height: 107%;\">t<\/span><span style=\"font-size: 13.0pt; line-height: 107%;\">\u0103\u021b<\/span><span style=\"font-size: 13pt; line-height: 107%;\">i starea de bine <\/span><span style=\"font-size: 13.0pt; line-height: 107%;\">\u0219<\/span><span style=\"font-size: 13pt; line-height: 107%;\">i performan<\/span><span style=\"font-size: 13.0pt; line-height: 107%;\">\u021b<\/span><span style=\"font-size: 13pt; line-height: 107%;\">a tuturor, <\/span><span style=\"font-size: 13.0pt; line-height: 107%;\">\u00ee<\/span><span style=\"font-size: 13pt; line-height: 107%;\">ns<\/span><span style=\"font-size: 13.0pt; line-height: 107%;\">\u0103<\/span><span style=\"font-size: 13pt; line-height: 107%;\"> studiile arat<\/span><span style=\"font-size: 13.0pt; line-height: 107%;\">\u0103<\/span><span style=\"font-size: 13pt; line-height: 107%;\"> c<\/span><span style=\"font-size: 13.0pt; line-height: 107%;\">\u0103<\/span><span style=\"font-size: 13pt; line-height: 107%;\"> aceste principii sunt<br \/>\nfoarte importante pentru copii. Acest lucru este important <\/span><span style=\"font-size: 13.0pt; line-height: 107%;\">\u0219<\/span><span style=\"font-size: 13pt; line-height: 107%;\">i pentru tinerii care vor<br \/>\ns<\/span><span style=\"font-size: 13.0pt; line-height: 107%;\">\u0103<\/span><span style=\"font-size: 13pt; line-height: 107%;\">&#8211;<\/span><span style=\"font-size: 13.0pt; line-height: 107%;\">\u0219<\/span><span style=\"font-size: 13pt; line-height: 107%;\">i <\/span><span style=\"font-size: 13.0pt; line-height: 107%;\">\u00ee<\/span><span style=\"font-size: 13pt; line-height: 107%;\">ntemeieze o familie. O<br \/>\ncercetare realizat<\/span><span style=\"font-size: 13.0pt; line-height: 107%;\">\u0103<\/span><span style=\"font-size: 13pt; line-height: 107%;\"><br \/>\nde Rebekah Levine Coley arat<\/span><span style=\"font-size: 13.0pt; line-height: 107%;\">\u0103<\/span><span style=\"font-size: 13pt; line-height: 107%;\"> c<\/span><span style=\"font-size: 13.0pt; line-height: 107%;\">\u0103<\/span><span style=\"font-size: 13pt; line-height: 107%;\"> facilit<\/span><span style=\"font-size: 13.0pt; line-height: 107%;\">\u0103\u021b<\/span><span style=\"font-size: 13pt; line-height: 107%;\">ile de locuire sunt<br \/>\nasociate cu ciclul de dezvoltare al copilului de la v<\/span><span style=\"font-size: 13.0pt; line-height: 107%;\">\u00e2<\/span><span style=\"font-size: 13pt; line-height: 107%;\">rste fragede p<\/span><span style=\"font-size: 13.0pt; line-height: 107%;\">\u00e2<\/span><span style=\"font-size: 13pt; line-height: 107%;\">n<\/span><span style=\"font-size: 13.0pt; line-height: 107%;\">\u0103<\/span><span style=\"font-size: 13pt; line-height: 107%;\"> aproape de maturitate.<\/span><\/p>\n<p class=\"MsoNormal\" style=\"text-align: left; margin-bottom: 0.0001pt;\"><span style=\"font-size: 13pt; line-height: 107%;\">\u00a0<\/span><\/p>\n<p class=\"MsoNormal\" style=\"text-align: left; margin-bottom: 0.0001pt;\"><span style=\"font-size: 13pt; line-height: 107%;\">P<\/span><span style=\"font-size: 13.0pt; line-height: 107%;\">\u00e2<\/span><span style=\"font-size: 13pt; line-height: 107%;\">n<\/span><span style=\"font-size: 13.0pt; line-height: 107%;\">\u0103<\/span> <span style=\"font-size: 13.0pt; line-height: 107%;\">\u00ee<\/span><span style=\"font-size: 13pt; line-height: 107%;\">n prezent, politicile de<br \/>\nwellbeing erau mai prezente la birou, unde companiile urm<\/span><span style=\"font-size: 13.0pt; line-height: 107%;\">\u0103<\/span><span style=\"font-size: 13pt; line-height: 107%;\">reau <\/span><span style=\"font-size: 13.0pt; line-height: 107%;\">\u00ee<\/span><span style=\"font-size: 13pt; line-height: 107%;\">n mod constant s<\/span><span style=\"font-size: 13.0pt; line-height: 107%;\">\u0103<\/span> <span style=\"font-size: 13.0pt; line-height: 107%;\">\u00ee<\/span><span style=\"font-size: 13pt; line-height: 107%;\">mbun<\/span><span style=\"font-size: 13.0pt; line-height: 107%;\">\u0103<\/span><span style=\"font-size: 13pt; line-height: 107%;\">t<\/span><span style=\"font-size: 13.0pt; line-height: 107%;\">\u0103\u021b<\/span><span style=\"font-size: 13pt; line-height: 107%;\">easc<\/span><span style=\"font-size: 13.0pt; line-height: 107%;\">\u0103<\/span><span style=\"font-size: 13pt; line-height: 107%;\"> starea de bine a angaja<\/span><span style=\"font-size: 13.0pt; line-height: 107%;\">\u021b<\/span><span style=\"font-size: 13pt; line-height: 107%;\">ilor. <\/span><span style=\"font-size: 13.0pt; line-height: 107%;\">\u00ce<\/span><span style=\"font-size: 13pt; line-height: 107%;\">ns<\/span><span style=\"font-size: 13.0pt; line-height: 107%;\">\u0103<\/span><span style=\"font-size: 13pt; line-height: 107%;\">, av<\/span><span style=\"font-size: 13.0pt; line-height: 107%;\">\u00e2<\/span><span style=\"font-size: 13pt; line-height: 107%;\">nd <\/span><span style=\"font-size: 13.0pt; line-height: 107%;\">\u00ee<\/span><span style=\"font-size: 13pt; line-height: 107%;\">n vedere experien<\/span><span style=\"font-size: 13.0pt; line-height: 107%;\">\u021b<\/span><span style=\"font-size: 13pt; line-height: 107%;\">a lucratului de acas<\/span><span style=\"font-size: 13.0pt; line-height: 107%;\">\u0103<\/span><span style=\"font-size: 13pt; line-height: 107%;\"> care s-a generalizat <\/span><span style=\"font-size: 13.0pt; line-height: 107%;\">\u00ee<\/span><span style=\"font-size: 13pt; line-height: 107%;\">n ultimele luni, <a href=\"https:\/\/www.greenfieldresidence.ro\/baneasa\/tag\/home-wellbeing\/\">concentrarea<\/a><br \/>\npe conceptul de home wellbeing a venit natural.<\/span><\/p>\n<p class=\"MsoNormal\" style=\"margin-bottom: .0001pt; text-align: justify;\"><img decoding=\"async\" class=\"alignnone\" style=\"width: 1445px;\" src=\"https:\/\/www.greenfieldresidence.ro\/baneasa\/wp-content\/uploads\/2021\/03\/campanie-panoramic.jpg\" alt=\"priveliste de pe teresa apartamentelor de vanzare din Greenfield Baneasa\" width=\"4500\" height=\"2999\" \/><\/p>\n<p class=\"paragraph\" style=\"margin: 0in 0in 0.0001pt; text-align: justify; background-image: initial; background-position: initial; background-size: initial; background-attachment: initial; vertical-align: baseline;\"><span class=\"MsoHyperlink\"><span style=\"font-size: 13pt; font-family: Arial, sans-serif; background-image: initial; background-position: initial; background-size: initial; background-attachment: initial;\"><a href=\"https:\/\/www.greenfieldresidence.ro\/baneasa\/apartamente-noi-vanzare\/?utm_source=blog_DigitalAtelier&amp;utm_medium=flafee&amp;utm_campaign=panoramic_03&amp;utm_term=link_blog\" target=\"_blank\" rel=\"noopener noreferrer\">Beneficiaz\u0103 de oferta de pre-v\u00e2nzare \u0219i fii printre\u00a0primii<br \/>\n10 de proprietari ce\u00a0vor fi cu adev\u0103rat privilegia\u021bi\u00a0s\u0103 aib\u0103<br \/>\nvedere\u00a0panoramic\u0103\u00a0deasupra p\u0103durii.<\/a><\/span><\/span><\/p>\n","protected":false},"excerpt":{"rendered":"<p>O facilitate discret\u0103 \u00eens\u0103 cu impact major pentru o experien\u021b\u0103 de locuire premium o reprezint\u0103 calitatea aerului dintr-un proiect reziden\u021bial. \u00centr-o metropol\u0103 \u00een..<\/p>\n","protected":false},"author":6,"featured_media":11856,"comment_status":"open","ping_status":"open","sticky":false,"template":"","format":"standard","meta":{"_acf_changed":false,"footnotes":""},"categories":[3608],"tags":[5909,5945,5931,5921,5923,5919,5933,5943,5929],"class_list":["post-11855","post","type-post","status-publish","format-standard","has-post-thumbnail","hentry","category-blog","tag-apartamente-de-vanzare-baneasa","tag-breeam","tag-calitatea-aerului","tag-cartier-unic","tag-comunitate-verde-bucuresti","tag-home-wellbeing","tag-liniste","tag-nzeb","tag-padurea-baneasa"],"acf":[],"yoast_head":"<!-- This site is optimized with the Yoast SEO plugin v27.4 - https:\/\/yoast.com\/product\/yoast-seo-wordpress\/ -->\n<title>Calitatea aerului \u00een Bucure\u0219ti - Greenfield - Greenfield B\u0103neasa<\/title>\n<meta name=\"robots\" content=\"index, follow, max-snippet:-1, max-image-preview:large, max-video-preview:-1\" \/>\n<link rel=\"canonical\" href=\"https:\/\/www.greenfieldresidence.ro\/baneasa\/blog\/calitatea-aerului-in-bucuresti-greenfield\/\" \/>\n<meta property=\"og:locale\" content=\"ro_RO\" \/>\n<meta property=\"og:type\" content=\"article\" \/>\n<meta property=\"og:title\" content=\"Calitatea aerului \u00een Bucure\u0219ti - Greenfield - Greenfield B\u0103neasa\" \/>\n<meta property=\"og:description\" content=\"O facilitate discret\u0103 \u00eens\u0103 cu impact major pentru o experien\u021b\u0103 de locuire premium o reprezint\u0103 calitatea aerului dintr-un proiect reziden\u021bial. \u00centr-o metropol\u0103 \u00een..\" \/>\n<meta property=\"og:url\" content=\"https:\/\/www.greenfieldresidence.ro\/baneasa\/blog\/calitatea-aerului-in-bucuresti-greenfield\/\" \/>\n<meta property=\"og:site_name\" content=\"Greenfield B\u0103neasa\" \/>\n<meta property=\"article:published_time\" content=\"2020-07-23T08:41:19+00:00\" \/>\n<meta property=\"article:modified_time\" content=\"2022-11-18T14:08:15+00:00\" \/>\n<meta property=\"og:image\" content=\"https:\/\/www.greenfieldresidence.ro\/baneasa\/wp-content\/uploads\/2021\/03\/poza-aer-1.jpg\" \/>\n\t<meta property=\"og:image:width\" content=\"1060\" \/>\n\t<meta property=\"og:image:height\" content=\"400\" \/>\n\t<meta property=\"og:image:type\" content=\"image\/jpeg\" \/>\n<meta name=\"author\" content=\"editor Mgc5\" \/>\n<meta name=\"twitter:card\" content=\"summary_large_image\" \/>\n<meta name=\"twitter:label1\" content=\"Scris de\" \/>\n\t<meta name=\"twitter:data1\" content=\"editor Mgc5\" \/>\n\t<meta name=\"twitter:label2\" content=\"Timp estimat pentru citire\" \/>\n\t<meta name=\"twitter:data2\" content=\"5 minute\" \/>\n<script type=\"application\/ld+json\" class=\"yoast-schema-graph\">{\"@context\":\"https:\\\/\\\/schema.org\",\"@graph\":[{\"@type\":\"Article\",\"@id\":\"https:\\\/\\\/www.greenfieldresidence.ro\\\/baneasa\\\/blog\\\/calitatea-aerului-in-bucuresti-greenfield\\\/#article\",\"isPartOf\":{\"@id\":\"https:\\\/\\\/www.greenfieldresidence.ro\\\/baneasa\\\/blog\\\/calitatea-aerului-in-bucuresti-greenfield\\\/\"},\"author\":{\"name\":\"editor Mgc5\",\"@id\":\"https:\\\/\\\/www.greenfieldresidence.ro\\\/baneasa\\\/#\\\/schema\\\/person\\\/c70eaf1bde8fe0a9c885649f5363a754\"},\"headline\":\"Calitatea aerului \u00een Bucure\u0219ti &#8211; Greenfield\",\"datePublished\":\"2020-07-23T08:41:19+00:00\",\"dateModified\":\"2022-11-18T14:08:15+00:00\",\"mainEntityOfPage\":{\"@id\":\"https:\\\/\\\/www.greenfieldresidence.ro\\\/baneasa\\\/blog\\\/calitatea-aerului-in-bucuresti-greenfield\\\/\"},\"wordCount\":954,\"commentCount\":0,\"publisher\":{\"@id\":\"https:\\\/\\\/www.greenfieldresidence.ro\\\/baneasa\\\/#organization\"},\"image\":{\"@id\":\"https:\\\/\\\/www.greenfieldresidence.ro\\\/baneasa\\\/blog\\\/calitatea-aerului-in-bucuresti-greenfield\\\/#primaryimage\"},\"thumbnailUrl\":\"https:\\\/\\\/www.greenfieldresidence.ro\\\/baneasa\\\/wp-content\\\/uploads\\\/2021\\\/03\\\/poza-aer-1.jpg\",\"keywords\":[\"Apartamente de vanzare Baneasa\",\"Breeam\",\"Calitatea aerului\",\"Cartier unic\",\"Comunitate Verde Bucuresti\",\"Home Wellbeing\",\"liniste\",\"nZEB\",\"Padurea Baneasa\"],\"articleSection\":[\"Blog\"],\"inLanguage\":\"ro-RO\",\"potentialAction\":[{\"@type\":\"CommentAction\",\"name\":\"Comment\",\"target\":[\"https:\\\/\\\/www.greenfieldresidence.ro\\\/baneasa\\\/blog\\\/calitatea-aerului-in-bucuresti-greenfield\\\/#respond\"]}]},{\"@type\":\"WebPage\",\"@id\":\"https:\\\/\\\/www.greenfieldresidence.ro\\\/baneasa\\\/blog\\\/calitatea-aerului-in-bucuresti-greenfield\\\/\",\"url\":\"https:\\\/\\\/www.greenfieldresidence.ro\\\/baneasa\\\/blog\\\/calitatea-aerului-in-bucuresti-greenfield\\\/\",\"name\":\"Calitatea aerului \u00een Bucure\u0219ti - Greenfield - Greenfield B\u0103neasa\",\"isPartOf\":{\"@id\":\"https:\\\/\\\/www.greenfieldresidence.ro\\\/baneasa\\\/#website\"},\"primaryImageOfPage\":{\"@id\":\"https:\\\/\\\/www.greenfieldresidence.ro\\\/baneasa\\\/blog\\\/calitatea-aerului-in-bucuresti-greenfield\\\/#primaryimage\"},\"image\":{\"@id\":\"https:\\\/\\\/www.greenfieldresidence.ro\\\/baneasa\\\/blog\\\/calitatea-aerului-in-bucuresti-greenfield\\\/#primaryimage\"},\"thumbnailUrl\":\"https:\\\/\\\/www.greenfieldresidence.ro\\\/baneasa\\\/wp-content\\\/uploads\\\/2021\\\/03\\\/poza-aer-1.jpg\",\"datePublished\":\"2020-07-23T08:41:19+00:00\",\"dateModified\":\"2022-11-18T14:08:15+00:00\",\"breadcrumb\":{\"@id\":\"https:\\\/\\\/www.greenfieldresidence.ro\\\/baneasa\\\/blog\\\/calitatea-aerului-in-bucuresti-greenfield\\\/#breadcrumb\"},\"inLanguage\":\"ro-RO\",\"potentialAction\":[{\"@type\":\"ReadAction\",\"target\":[\"https:\\\/\\\/www.greenfieldresidence.ro\\\/baneasa\\\/blog\\\/calitatea-aerului-in-bucuresti-greenfield\\\/\"]}]},{\"@type\":\"ImageObject\",\"inLanguage\":\"ro-RO\",\"@id\":\"https:\\\/\\\/www.greenfieldresidence.ro\\\/baneasa\\\/blog\\\/calitatea-aerului-in-bucuresti-greenfield\\\/#primaryimage\",\"url\":\"https:\\\/\\\/www.greenfieldresidence.ro\\\/baneasa\\\/wp-content\\\/uploads\\\/2021\\\/03\\\/poza-aer-1.jpg\",\"contentUrl\":\"https:\\\/\\\/www.greenfieldresidence.ro\\\/baneasa\\\/wp-content\\\/uploads\\\/2021\\\/03\\\/poza-aer-1.jpg\",\"width\":1060,\"height\":400,\"caption\":\"calitatea aerului in Bucuresti Nord\"},{\"@type\":\"BreadcrumbList\",\"@id\":\"https:\\\/\\\/www.greenfieldresidence.ro\\\/baneasa\\\/blog\\\/calitatea-aerului-in-bucuresti-greenfield\\\/#breadcrumb\",\"itemListElement\":[{\"@type\":\"ListItem\",\"position\":1,\"name\":\"Home\",\"item\":\"https:\\\/\\\/www.greenfieldresidence.ro\\\/baneasa\\\/\"},{\"@type\":\"ListItem\",\"position\":2,\"name\":\"Calitatea aerului \u00een Bucure\u0219ti &#8211; Greenfield\"}]},{\"@type\":\"WebSite\",\"@id\":\"https:\\\/\\\/www.greenfieldresidence.ro\\\/baneasa\\\/#website\",\"url\":\"https:\\\/\\\/www.greenfieldresidence.ro\\\/baneasa\\\/\",\"name\":\"Greenfield B\u0103neasa\",\"description\":\"Cartierul \u00eembr\u0103\u021bi\u0219at de p\u0103dure\",\"publisher\":{\"@id\":\"https:\\\/\\\/www.greenfieldresidence.ro\\\/baneasa\\\/#organization\"},\"potentialAction\":[{\"@type\":\"SearchAction\",\"target\":{\"@type\":\"EntryPoint\",\"urlTemplate\":\"https:\\\/\\\/www.greenfieldresidence.ro\\\/baneasa\\\/?s={search_term_string}\"},\"query-input\":{\"@type\":\"PropertyValueSpecification\",\"valueRequired\":true,\"valueName\":\"search_term_string\"}}],\"inLanguage\":\"ro-RO\"},{\"@type\":\"Organization\",\"@id\":\"https:\\\/\\\/www.greenfieldresidence.ro\\\/baneasa\\\/#organization\",\"name\":\"Greenfield B\u0103neasa\",\"url\":\"https:\\\/\\\/www.greenfieldresidence.ro\\\/baneasa\\\/\",\"logo\":{\"@type\":\"ImageObject\",\"inLanguage\":\"ro-RO\",\"@id\":\"https:\\\/\\\/www.greenfieldresidence.ro\\\/baneasa\\\/#\\\/schema\\\/logo\\\/image\\\/\",\"url\":\"https:\\\/\\\/www.greenfieldresidence.ro\\\/baneasa\\\/wp-content\\\/uploads\\\/2020\\\/05\\\/logo.svg\",\"contentUrl\":\"https:\\\/\\\/www.greenfieldresidence.ro\\\/baneasa\\\/wp-content\\\/uploads\\\/2020\\\/05\\\/logo.svg\",\"caption\":\"Greenfield B\u0103neasa\"},\"image\":{\"@id\":\"https:\\\/\\\/www.greenfieldresidence.ro\\\/baneasa\\\/#\\\/schema\\\/logo\\\/image\\\/\"}},{\"@type\":\"Person\",\"@id\":\"https:\\\/\\\/www.greenfieldresidence.ro\\\/baneasa\\\/#\\\/schema\\\/person\\\/c70eaf1bde8fe0a9c885649f5363a754\",\"name\":\"editor Mgc5\",\"image\":{\"@type\":\"ImageObject\",\"inLanguage\":\"ro-RO\",\"@id\":\"https:\\\/\\\/secure.gravatar.com\\\/avatar\\\/832ed902d9f400d1e9b895dc24fb656563279c1514fd24cf32a3f70e8e255236?s=96&d=mm&r=g\",\"url\":\"https:\\\/\\\/secure.gravatar.com\\\/avatar\\\/832ed902d9f400d1e9b895dc24fb656563279c1514fd24cf32a3f70e8e255236?s=96&d=mm&r=g\",\"contentUrl\":\"https:\\\/\\\/secure.gravatar.com\\\/avatar\\\/832ed902d9f400d1e9b895dc24fb656563279c1514fd24cf32a3f70e8e255236?s=96&d=mm&r=g\",\"caption\":\"editor Mgc5\"},\"url\":\"https:\\\/\\\/www.greenfieldresidence.ro\\\/baneasa\\\/author\\\/editormgc5\\\/\"}]}<\/script>\n<!-- \/ Yoast SEO plugin. -->","yoast_head_json":{"title":"Calitatea aerului \u00een Bucure\u0219ti - Greenfield - Greenfield B\u0103neasa","robots":{"index":"index","follow":"follow","max-snippet":"max-snippet:-1","max-image-preview":"max-image-preview:large","max-video-preview":"max-video-preview:-1"},"canonical":"https:\/\/www.greenfieldresidence.ro\/baneasa\/blog\/calitatea-aerului-in-bucuresti-greenfield\/","og_locale":"ro_RO","og_type":"article","og_title":"Calitatea aerului \u00een Bucure\u0219ti - Greenfield - Greenfield B\u0103neasa","og_description":"O facilitate discret\u0103 \u00eens\u0103 cu impact major pentru o experien\u021b\u0103 de locuire premium o reprezint\u0103 calitatea aerului dintr-un proiect reziden\u021bial. \u00centr-o metropol\u0103 \u00een..","og_url":"https:\/\/www.greenfieldresidence.ro\/baneasa\/blog\/calitatea-aerului-in-bucuresti-greenfield\/","og_site_name":"Greenfield B\u0103neasa","article_published_time":"2020-07-23T08:41:19+00:00","article_modified_time":"2022-11-18T14:08:15+00:00","og_image":[{"width":1060,"height":400,"url":"https:\/\/www.greenfieldresidence.ro\/baneasa\/wp-content\/uploads\/2021\/03\/poza-aer-1.jpg","type":"image\/jpeg"}],"author":"editor Mgc5","twitter_card":"summary_large_image","twitter_misc":{"Scris de":"editor Mgc5","Timp estimat pentru citire":"5 minute"},"schema":{"@context":"https:\/\/schema.org","@graph":[{"@type":"Article","@id":"https:\/\/www.greenfieldresidence.ro\/baneasa\/blog\/calitatea-aerului-in-bucuresti-greenfield\/#article","isPartOf":{"@id":"https:\/\/www.greenfieldresidence.ro\/baneasa\/blog\/calitatea-aerului-in-bucuresti-greenfield\/"},"author":{"name":"editor Mgc5","@id":"https:\/\/www.greenfieldresidence.ro\/baneasa\/#\/schema\/person\/c70eaf1bde8fe0a9c885649f5363a754"},"headline":"Calitatea aerului \u00een Bucure\u0219ti &#8211; Greenfield","datePublished":"2020-07-23T08:41:19+00:00","dateModified":"2022-11-18T14:08:15+00:00","mainEntityOfPage":{"@id":"https:\/\/www.greenfieldresidence.ro\/baneasa\/blog\/calitatea-aerului-in-bucuresti-greenfield\/"},"wordCount":954,"commentCount":0,"publisher":{"@id":"https:\/\/www.greenfieldresidence.ro\/baneasa\/#organization"},"image":{"@id":"https:\/\/www.greenfieldresidence.ro\/baneasa\/blog\/calitatea-aerului-in-bucuresti-greenfield\/#primaryimage"},"thumbnailUrl":"https:\/\/www.greenfieldresidence.ro\/baneasa\/wp-content\/uploads\/2021\/03\/poza-aer-1.jpg","keywords":["Apartamente de vanzare Baneasa","Breeam","Calitatea aerului","Cartier unic","Comunitate Verde Bucuresti","Home Wellbeing","liniste","nZEB","Padurea Baneasa"],"articleSection":["Blog"],"inLanguage":"ro-RO","potentialAction":[{"@type":"CommentAction","name":"Comment","target":["https:\/\/www.greenfieldresidence.ro\/baneasa\/blog\/calitatea-aerului-in-bucuresti-greenfield\/#respond"]}]},{"@type":"WebPage","@id":"https:\/\/www.greenfieldresidence.ro\/baneasa\/blog\/calitatea-aerului-in-bucuresti-greenfield\/","url":"https:\/\/www.greenfieldresidence.ro\/baneasa\/blog\/calitatea-aerului-in-bucuresti-greenfield\/","name":"Calitatea aerului \u00een Bucure\u0219ti - Greenfield - Greenfield B\u0103neasa","isPartOf":{"@id":"https:\/\/www.greenfieldresidence.ro\/baneasa\/#website"},"primaryImageOfPage":{"@id":"https:\/\/www.greenfieldresidence.ro\/baneasa\/blog\/calitatea-aerului-in-bucuresti-greenfield\/#primaryimage"},"image":{"@id":"https:\/\/www.greenfieldresidence.ro\/baneasa\/blog\/calitatea-aerului-in-bucuresti-greenfield\/#primaryimage"},"thumbnailUrl":"https:\/\/www.greenfieldresidence.ro\/baneasa\/wp-content\/uploads\/2021\/03\/poza-aer-1.jpg","datePublished":"2020-07-23T08:41:19+00:00","dateModified":"2022-11-18T14:08:15+00:00","breadcrumb":{"@id":"https:\/\/www.greenfieldresidence.ro\/baneasa\/blog\/calitatea-aerului-in-bucuresti-greenfield\/#breadcrumb"},"inLanguage":"ro-RO","potentialAction":[{"@type":"ReadAction","target":["https:\/\/www.greenfieldresidence.ro\/baneasa\/blog\/calitatea-aerului-in-bucuresti-greenfield\/"]}]},{"@type":"ImageObject","inLanguage":"ro-RO","@id":"https:\/\/www.greenfieldresidence.ro\/baneasa\/blog\/calitatea-aerului-in-bucuresti-greenfield\/#primaryimage","url":"https:\/\/www.greenfieldresidence.ro\/baneasa\/wp-content\/uploads\/2021\/03\/poza-aer-1.jpg","contentUrl":"https:\/\/www.greenfieldresidence.ro\/baneasa\/wp-content\/uploads\/2021\/03\/poza-aer-1.jpg","width":1060,"height":400,"caption":"calitatea aerului in Bucuresti Nord"},{"@type":"BreadcrumbList","@id":"https:\/\/www.greenfieldresidence.ro\/baneasa\/blog\/calitatea-aerului-in-bucuresti-greenfield\/#breadcrumb","itemListElement":[{"@type":"ListItem","position":1,"name":"Home","item":"https:\/\/www.greenfieldresidence.ro\/baneasa\/"},{"@type":"ListItem","position":2,"name":"Calitatea aerului \u00een Bucure\u0219ti &#8211; Greenfield"}]},{"@type":"WebSite","@id":"https:\/\/www.greenfieldresidence.ro\/baneasa\/#website","url":"https:\/\/www.greenfieldresidence.ro\/baneasa\/","name":"Greenfield B\u0103neasa","description":"Cartierul \u00eembr\u0103\u021bi\u0219at de p\u0103dure","publisher":{"@id":"https:\/\/www.greenfieldresidence.ro\/baneasa\/#organization"},"potentialAction":[{"@type":"SearchAction","target":{"@type":"EntryPoint","urlTemplate":"https:\/\/www.greenfieldresidence.ro\/baneasa\/?s={search_term_string}"},"query-input":{"@type":"PropertyValueSpecification","valueRequired":true,"valueName":"search_term_string"}}],"inLanguage":"ro-RO"},{"@type":"Organization","@id":"https:\/\/www.greenfieldresidence.ro\/baneasa\/#organization","name":"Greenfield B\u0103neasa","url":"https:\/\/www.greenfieldresidence.ro\/baneasa\/","logo":{"@type":"ImageObject","inLanguage":"ro-RO","@id":"https:\/\/www.greenfieldresidence.ro\/baneasa\/#\/schema\/logo\/image\/","url":"https:\/\/www.greenfieldresidence.ro\/baneasa\/wp-content\/uploads\/2020\/05\/logo.svg","contentUrl":"https:\/\/www.greenfieldresidence.ro\/baneasa\/wp-content\/uploads\/2020\/05\/logo.svg","caption":"Greenfield B\u0103neasa"},"image":{"@id":"https:\/\/www.greenfieldresidence.ro\/baneasa\/#\/schema\/logo\/image\/"}},{"@type":"Person","@id":"https:\/\/www.greenfieldresidence.ro\/baneasa\/#\/schema\/person\/c70eaf1bde8fe0a9c885649f5363a754","name":"editor Mgc5","image":{"@type":"ImageObject","inLanguage":"ro-RO","@id":"https:\/\/secure.gravatar.com\/avatar\/832ed902d9f400d1e9b895dc24fb656563279c1514fd24cf32a3f70e8e255236?s=96&d=mm&r=g","url":"https:\/\/secure.gravatar.com\/avatar\/832ed902d9f400d1e9b895dc24fb656563279c1514fd24cf32a3f70e8e255236?s=96&d=mm&r=g","contentUrl":"https:\/\/secure.gravatar.com\/avatar\/832ed902d9f400d1e9b895dc24fb656563279c1514fd24cf32a3f70e8e255236?s=96&d=mm&r=g","caption":"editor Mgc5"},"url":"https:\/\/www.greenfieldresidence.ro\/baneasa\/author\/editormgc5\/"}]}},"fimg_url":"https:\/\/www.greenfieldresidence.ro\/baneasa\/wp-content\/uploads\/2021\/03\/poza-aer-1.jpg","_links":{"self":[{"href":"https:\/\/www.greenfieldresidence.ro\/baneasa\/wp-json\/wp\/v2\/posts\/11855","targetHints":{"allow":["GET"]}}],"collection":[{"href":"https:\/\/www.greenfieldresidence.ro\/baneasa\/wp-json\/wp\/v2\/posts"}],"about":[{"href":"https:\/\/www.greenfieldresidence.ro\/baneasa\/wp-json\/wp\/v2\/types\/post"}],"author":[{"embeddable":true,"href":"https:\/\/www.greenfieldresidence.ro\/baneasa\/wp-json\/wp\/v2\/users\/6"}],"replies":[{"embeddable":true,"href":"https:\/\/www.greenfieldresidence.ro\/baneasa\/wp-json\/wp\/v2\/comments?post=11855"}],"version-history":[{"count":5,"href":"https:\/\/www.greenfieldresidence.ro\/baneasa\/wp-json\/wp\/v2\/posts\/11855\/revisions"}],"predecessor-version":[{"id":21203,"href":"https:\/\/www.greenfieldresidence.ro\/baneasa\/wp-json\/wp\/v2\/posts\/11855\/revisions\/21203"}],"wp:featuredmedia":[{"embeddable":true,"href":"https:\/\/www.greenfieldresidence.ro\/baneasa\/wp-json\/wp\/v2\/media\/11856"}],"wp:attachment":[{"href":"https:\/\/www.greenfieldresidence.ro\/baneasa\/wp-json\/wp\/v2\/media?parent=11855"}],"wp:term":[{"taxonomy":"category","embeddable":true,"href":"https:\/\/www.greenfieldresidence.ro\/baneasa\/wp-json\/wp\/v2\/categories?post=11855"},{"taxonomy":"post_tag","embeddable":true,"href":"https:\/\/www.greenfieldresidence.ro\/baneasa\/wp-json\/wp\/v2\/tags?post=11855"}],"curies":[{"name":"wp","href":"https:\/\/api.w.org\/{rel}","templated":true}]}}