{"id":11700,"date":"2019-11-09T15:22:28","date_gmt":"2019-11-09T13:22:28","guid":{"rendered":"https:\/\/www.greenfieldresidence.ro\/baneasa\/2019\/11\/09\/zona-rezidentiala-baneasa-trecut-prezent-viitor\/"},"modified":"2022-04-12T14:50:05","modified_gmt":"2022-04-12T11:50:05","slug":"zona-rezidentiala-baneasa-trecut-prezent-viitor","status":"publish","type":"post","link":"https:\/\/www.greenfieldresidence.ro\/baneasa\/blog\/zona-rezidentiala-baneasa-trecut-prezent-viitor\/","title":{"rendered":"Zona reziden\u021bial\u0103 B\u0103neasa. Trecut. Prezent. Viitor."},"content":{"rendered":"<p><b>Poate c\u0103 treci \u00een fiecare zi pe aici, dar \u0219tii povestea care se ascunde \u00een spatele str\u0103du\u021belor din cartierul B\u0103neasa?\u00a0<\/b><\/p>\n<p>De la vechea Mo\u0219ie a <b>b\u0103nesei Ecaterina V\u0103c\u0103rescu<\/b> \u0219i p\u00e2n\u0103 la <b>sta\u021bia de metrou Tokyo<\/b>, sunt mai pu\u021bin de 300 de ani distan\u021b\u0103. Dar de atunci, din vremurile c\u00e2nd Micul Paris era un ora\u0219 foarte bine organizat, un ora\u0219 \u00een care g\u0103seai orice, de la farmacii deschise noaptea, prin rota\u021bie,\u00a0 p\u00e2n\u0103 la tramvaie care mergeau p\u00e2n\u0103 la 1 noaptea, \u0219i p\u00e2n\u0103 \u00een prezent, unele lucruri s-au mai schimbat \u00een frumoasa capital\u0103.<\/p>\n<p>\u00centr-un <b><a href=\"http:\/\/www.simplybucharest.ro\/?p=4625\" target=\"_blank\" rel=\"noopener noreferrer\">Ghid Oficial al Bucure\u0219tiului de la 1934<\/a><\/b>, pe care cu pu\u021bin noroc \u00eel po\u021bi g\u0103si prin anticariate, iat\u0103 cum este ora\u0219ul descris:<\/p>\n<p style=\"margin-left: 50px;\">\n<span style=\"font-family: Comic Sans MS;\">\u201eCeea ce face farmecul Capitalei sunt vioiciunea \u015fi optimismul s\u0103u. Sc\u0103ldat \u00een lumin\u0103, favorizat de un climat salubru, din zori \u015fi p\u00e2n\u0103 noaptea, ora\u015ful fream\u0103t\u0103 de via\u0163a intens\u0103 de munc\u0103 pentru a oferi \u00een acela\u015fi timp cele mai variate posibilit\u0103\u0163i de distrac\u0163ie.<\/span><\/p>\n<p style=\"margin-left: 50px;\"><span style=\"font-family: Comic Sans MS;\">De la ora 11 \u015fi p\u00e2n\u0103 la timpul pr\u00e2nzului, pentru a re\u00eencepe de la 17 p\u00e2n\u0103 seara, calea Victoriei mi\u015fun\u0103 de lumea dornic\u0103 de plimbare \u015fi spectacolul gratuit ce-l prezint\u0103 acest dute-vino pe por\u0163iunea dintre bulevardul Elisabeta \u015fi Palat, \u015foseaua Kiseleff fiind proprie mai ales plimb\u0103rilor cu automobilul \u015fi equita\u0163iunei.<br \/>\n<\/span><\/p>\n<p style=\"margin-left: 50px;\"><span style=\"font-family: Comic Sans MS;\">De \u00eendat\u0103 ce \u00eenceteaz\u0103 activitatea rodnic\u0103 \u015fi intens\u0103 de peste zi, odat\u0103 cu l\u0103sarea serei, o mul\u0163ime deas\u0103 invadeaz\u0103 centrul, atras\u0103 de luminile multicolore ale vitrinelor \u015fi reclamelor. Teatre, cinematografe, restaurante, baruri, dancinguri, ispitesc pe trec\u0103torul aiurit de intensa circula\u0163ie, de lumin\u0103 \u015fi de sgomot.<br \/>\n<\/span><\/p>\n<p style=\"margin-left: 50px;\"><span style=\"font-family: Comic Sans MS;\">Bucure\u015ftii \u00ee\u015fi tr\u0103iesc via\u0163a de noapte cu toat\u0103 veselia \u015fi optimismul ce caracterizeaz\u0103 acest ora\u015f primitor, agreabil \u015fi variat.&#8221;\u00a0\u00a0<\/span><\/p>\n<p>&nbsp;<\/p>\n<p>Diferit, \u0219i totu\u0219i asem\u0103n\u0103tor. Sau cum ar spune Eminescu: <b><i>Toate&#8217;s vechi \u0219i nou\u0103 toate. \ud83d\ude42<\/i><\/b><\/p>\n<p>Te invit\u0103m s\u0103 descoperi \u00een continuare care\u2019s vechi \u0219i care\u2019s noi.<\/p>\n<p>&nbsp;<\/p>\n<p><b>Zona B\u0103neasa, de la un sat vechi, la un cartier de top al Bucure\u0219tiului<\/b><\/p>\n<p>&nbsp;<\/p>\n<p>\u00cen urm\u0103 cu aproape 300 de ani, \u00een aceast\u0103 parte a \u021b\u0103rii se afl\u0103 un sat vechi care se numea C\u00e2rst\u0103ne\u0219ti. Zona rural\u0103 a intrat \u00een anul 1761 \u00een proprietatea b\u0103nesei Ecaterina V\u0103c\u0103rescu, v\u0103duva marelui ban \u0218erban V\u0103c\u0103rescu. Rangul de ban reprezenta \u00een acea perioad\u0103 un mare dreg\u0103tor teritorial, adic\u0103 cel mai \u00eenalt titlu boieresc acordat \u00een \u021aara Rom\u00e2neasc\u0103.<\/p>\n<p>&nbsp;<\/p>\n<p>Dup\u0103 ce <b>Ecaterina V\u0103c\u0103rescu<\/b> a devenit proprietara acestor p\u0103m\u00e2nturi, la scurt timp a luat decizia de a construi biserica Sf\u00e2ntul Nicolae, aflat\u0103 pe partea stang\u0103 a DN1.<\/p>\n<p><img fetchpriority=\"high\" decoding=\"async\" class=\"alignnone\" style=\"width: 50%; float: right;\" src=\"https:\/\/www.greenfieldresidence.ro\/baneasa\/wp-content\/uploads\/2021\/03\/old bucharest.jpg\" alt=\"Bucuresti: Municipiul si imprejurimile\" width=\"919\" height=\"768\" \/><\/p>\n<p>\u00cen perioada interbelic\u0103, <b>satul C\u00e2rst\u0103ne\u0219ti<\/b> a fost transformat \u00een comun\u0103. Mul\u021bi dintre locuitorii acestei zone se ocupau cu prepararea laptelui \u0219i a br\u00e2nzeturilor. Se spune c\u0103 fetele din sat transportau \u0219i vindeau produse lactate \u00een ora\u0219, \u00een fiecare diminea\u021b\u0103, \u021bin\u00e2nd pe umeri doni\u021be (vase de lemn cu toarte \u0219i capac) cu sm\u00e2nt\u00e2n\u0103 \u0219i br\u00e2nzeturi.<\/p>\n<p>&nbsp;<\/p>\n<p><b>Dup\u0103 anul 1950, comuna C\u00e2rst\u0103ne\u0219ti a fost inclus\u0103 din punct de vedere administrativ \u00een municipiul Bucure\u0219ti<\/b>, devenind astfel un cartier al Capitalei. A preluat numele de la proprietara p\u0103m\u00e2nturilor, Ecaterina V\u0103c\u0103rescu, pe care locuitorii o numeau \u201cB\u0103neasa\u201d (so\u021bia banului).<\/p>\n<p>&nbsp;<\/p>\n<p>\u00cenc\u0103 un eveniment istoric important care se leag\u0103 de zona B\u0103neasa a avut loc \u00een ziua de <b>10 mai 1866<\/b>. Cu ocazia intr\u0103rii viitorului Rege Carol I \u00een Bucure\u0219ti, i-a fost \u00eenm\u00e2nat\u0103 la B\u0103neasa <b>cheia ora\u0219ului<\/b>, \u00een semn de bun-venit.<\/p>\n<p>&nbsp;<\/p>\n<p>Tot cartierul B\u0103neasa este \u0219i martor istoric al instal\u0103rii <b>sta\u021biei TFF<\/b> (telegrafie far\u0103 fir) de la Her\u0103str\u0103u, de 150 kW putere, \u00een anul 1915. Aceasta a avut un rol important pentru Rom\u00e2nia \u00een Primul R\u0103zboi Mondial, fiind singurul mijloc de comunicare rapid\u0103 cu alia\u021bii.<\/p>\n<p>&nbsp;<\/p>\n<p>Zona B\u0103neasa s-a apropiat treptat de ceea ce cunoa\u0219tem azi, \u00eencep\u00e2nd dezvoltarea din prima parte a secolului XIX. Au fost trasate str\u0103zi rectangulare \u0219i parcele de minimum 400 mp. At\u00e2t \u00een perioada interbelic\u0103, dar \u0219i dup\u0103 aceea au fost construite multe case cu un nivel, iar \u00een perioada 1980 &#8211; 1985, o mare parte dintre aceste case au fost \u00eenlocuite de blocuri.<\/p>\n<p>&nbsp;<\/p>\n<p><b>Povestea obiectivelor cheie ale cartierului B\u0103neasa<\/b><img decoding=\"async\" class=\"alignnone\" style=\"width: 50%; float: right;\" src=\"https:\/\/www.greenfieldresidence.ro\/baneasa\/wp-content\/uploads\/2021\/03\/arcul de triumf.jpg\" alt=\"monumentul arcul de triumf Bucuresti\" width=\"810\" height=\"960\" \/><b><\/p>\n<p><\/b>La capitolul obiective turistice ale Bucure\u0219tiului, cartierul B\u0103neasa \u00eembog\u0103\u021be\u0219te semnificativ harta Capitalei. \u00cen topul atrac\u021biilor se afl\u0103 <b>Arcul de Triumf, Muzeul Satului, Parcul Her\u0103str\u0103u, Casa Presei Libere, F\u00e2nt\u00e2na Miori\u021ba<\/b> \u0219i vile importante precum &#8211; <b>Vila Nicolae Minovici \u0219i Vila Dumitru-Furnica Minovici<\/b>, ultima fiind \u0219i cea care g\u0103zduie\u0219te <b>Muzeul de Art\u0103 VecheApusean\u0103.\u00a0<\/b><\/p>\n<p>&nbsp;<\/p>\n<p><b>\u00a0<\/b><b>Monumentul Arcul de Triumf <\/b>a fost proiectat de Petre Antonescu, construit \u00een perioada 1921-1922 \u0219i\u00a0 renovat \u00eentre anii 1935-1936. Acesta reprezint\u0103 un simbol al victoriei Rom\u00e2niei \u00een Primul R\u0103zboi Mondial, dar \u0219i un element care ne aminte\u0219te de crearea Rom\u00e2niei Mari \u0219i de \u00eencoronarea Regelui Ferdinand I \u0219i a Reginei Maria.<\/p>\n<p>&nbsp;<\/p>\n<p>Ca popularitate, obiectivul este urmat \u00eendeaproape de Muzeul Satului \u0219i de Parcul Her\u0103str\u0103u. Primul punct de atrac\u021bie, <b>&#8222;Muzeul din inima capitalei&#8221;<\/b>, a\u0219a cum mai este denumit, \u0219i-a deschis por\u021bile pentru public \u00een data de 10 mai 1936, c\u00e2nd a fost inaugurat de c\u0103tre Regele Carol al II-lea. Pentru a-l construi, casele au fost dezasamblate, bucat\u0103 cu bucat\u0103, transportate cu trenul, c\u0103ru\u021ba sau cu barca p\u00e2n\u0103 la Bucure\u0219ti unde au fost asamblate din nou pe suprafa\u021ba muzeului de pe malul lacului Her\u0103str\u0103u.<\/p>\n<p>&nbsp;<\/p>\n<p>\u00cen prezent, expozi\u021bia permanent\u0103 a<b> Muzeului Satului<\/b> acoper\u0103 o suprafa\u021b\u0103 de 14 ha av\u00e2nd 380 de monumente, 60.000 de obiecte \u00een colec\u021biile de patrimoniu \u0219i peste 250.000 de documente de arhiv\u0103 referitoare la sat \u0219i via\u021ba sa tradi\u021bional\u0103.<\/p>\n<p><img decoding=\"async\" class=\"alignnone\" style=\"width: 50%; float: right;\" src=\"https:\/\/www.greenfieldresidence.ro\/baneasa\/wp-content\/uploads\/2021\/03\/muzeul satului.jpg\" alt=\"muzeul satului Bucuresti\" width=\"960\" height=\"960\" \/><\/p>\n<p><b>Parcul Her\u0103str\u0103u<\/b>, denumit din 2017 Parcul Regele Mihai I al Rom\u00e2niei, este considerat cel mai spectaculos \u0219i cel mai variat parc al Capitalei. Pu\u021bini sunt cei care \u0219tiu c\u0103 denumirea \u201cHer\u0103str\u0103u\u201d vine de la un gater, adic\u0103 un fier\u0103str\u0103u mecanic, care era situat pe malul lacului, \u00een dreptului podului. Acesta era un obiect popular \u00een anii 1600, dup\u0103 cum atest\u0103 documentele istorice. Azi, \u00een anul de gratie 2019, te po\u021bi pierde lejer pe aleile parcului \u0219i po\u021bi admira zona Expo Flora, Insula Trandafirilor, Insula Plopilor sau Gr\u0103dina Japonez\u0103.<\/p>\n<p>&nbsp;<\/p>\n<p>De\u0219i nu sunt privite ca ni\u0219te obiective turistice, <b>aeroportul B\u0103neasa<\/b> \u0219i <b>Gara Regal\u0103<\/b>\u00a0sunt reprezentative pentru aceast\u0103 zon\u0103 a ora\u0219ului \u0219i au o istorie bogat\u0103 \u00een spate.<\/p>\n<p>&nbsp;<\/p>\n<p>Prima apari\u021bie \u00een pres\u0103 a <b>Aeroportului Interna\u021bional Bucure\u0219ti B\u0103neasa &#8211; Aurel Vlaicu<\/b> a fost la data de 7 iunie 1910, c\u00e2nd pe fostul hipodrom din zona, Aurel Vlaicu a prezentat c\u00e2teva evolu\u021bii cu avionul construit chiar de el, la mitingul aviatic, organizat \u00een acea perioad\u0103. \u00cens\u0103 aviatorul francez Loius Bl\u00e9riot a fost primul pilot care a desf\u0103\u0219urat zboruri de agrement pe vechiul hipodrom din B\u0103neasa. Pistele aeroportului au fost amenajate de la 1920, iar cl\u0103direa \u0219i turnul de control pe care le vedem ast\u0103zi dateaz\u0103 din anii \u201960.<\/p>\n<p>&nbsp;<\/p>\n<p>La intrarea \u00een cartierul B\u0103neasa, \u00een fa\u021ba Muzeului de Art\u0103 Popular\u0103 Nicolae Minovici, se afl\u0103<b> F\u00e2nt\u00e2na Miori\u021ba<\/b>, un monument cu o simbolistic\u0103 aparte pentru rom\u00e2ni. Obiectivul a fost realizat din granit de Dobrogea \u0219i a fost inaugurat \u00een 1936 dup\u0103 planul arhitectului Octav Doicescu. Desenele ilustreaz\u0103 cu m\u0103iestrie balada Miori\u021bei, o adev\u0103rat\u0103 capodoper\u0103 a folclorului literar rom\u0103nesc.<\/p>\n<p>&nbsp;<\/p>\n<p>&nbsp;<\/p>\n<p>Tot \u00een aceast\u0103 zon\u0103 se afl\u0103 \u0219i <b>Gara Regal\u0103<\/b>, o construc\u021bie ce dateaz\u0103 din anul 1936. A fost realizat\u0103 de Direc\u021bia General\u0103 a CFR dup\u0103 planurile arhitectului Duiliu Marcu, cu scopul de a fi folosit\u0103 doar de Familia Regal\u0103 a Rom\u00e2niei. Dup\u0103 ce a fost \u00eenchis\u0103 \u00een ultimii 10 ani, planurile de dezvoltare ale Bucurestiului anului 2020 includ \u0219i redeschiderea acestei G\u0103ri.<\/p>\n<p>&nbsp;<\/p>\n<p><img loading=\"lazy\" decoding=\"async\" class=\"alignnone\" style=\"width: 457px; float: right;\" src=\"https:\/\/www.greenfieldresidence.ro\/baneasa\/wp-content\/uploads\/2021\/03\/muzeul minovici.png\" alt=\"Vila Nicolae Minovici Bucuresti\" width=\"457\" height=\"435\" \/><b><a href=\"https:\/\/muzeulbucurestiului.ro\/muzeul-nicolae-minovici.html\" target=\"_blank\" rel=\"noopener noreferrer\">Vila Nicolae Minovici<\/a><\/b> \u0219i <b>Vila Dumitru-Furnic\u0103 Minovici<\/b> sunt dou\u0103 comori culturale ce merit\u0103 explorate pentru obiectele valoroase ce dateaz\u0103 chiar din secolul al XVII-lea.<br \/>\nInteriorul cucere\u0219te prin elementele de decor expuse &#8211;\u00a0 vitralii, tapiserii, covoare, statui \u0219i obiecte de mobilier care se \u00eempletesc armonios \u00een ob\u021binerea unei pove\u0219ti de epoc\u0103.<\/p>\n<p>\u00cenc\u0103 un obiectiv de seam\u0103 al cartierului B\u0103neasa este \u0219i <b>Casa Presei Libere<\/b>, cunoscut\u0103 ini\u021bial drept <b>Casa Sc\u00e2nteii<\/b>, care a de\u021binut recordul de cea mai \u00eenalta structur\u0103 din ora\u0219 \u00eentre anii 1956 \u0219i 2007.<\/p>\n<p>&nbsp;<\/p>\n<p>\u00cen prezent, <a href=\"https:\/\/www.greenfieldresidence.ro\/baneasa\/despre-noi\/\">cartierul B\u0103neasa<\/a> se \u00eentinde pe o suprafa\u021b\u0103 de 25 de hectare \u0219i se afl\u0103 \u00eentr-o continu\u0103 dezvoltare. Gra\u021bie tuturor beneficiilor de care d\u0103 dovad\u0103, de la transportul facil c\u0103tre restul ora\u0219ului p\u00e2n\u0103 la oazele de lini\u0219te \u0219i aer curat reprezentate de <b>P\u0103durea B\u0103neasa<\/b> \u0219i de lacul Her\u0103str\u0103u, aceast\u0103 zon\u0103 a devenit extrem de r\u00e2vnit\u0103 \u00een Capital\u0103.<\/p>\n<p>&nbsp;<\/p>\n<p>Pentru istoria rom\u00e2nilor p\u0103durea are o conota\u021bie aparte.<br \/>\nDe c\u00e2nd ne \u0219tim, <b><i>&#8222;Codrul e frate cu rom\u00e2nul&#8221;<\/i><\/b>, c\u0103ci era locul unde se refugiau oamenii \u00een fa\u021ba n\u0103v\u0103lirilor str\u0103ine \u0219i ulterior a devenit ascunz\u0103toarea haiducilor.<\/p>\n<p><b>Codrii Vl\u0103siei <\/b>acopereau odinioar\u0103 mare parte a regiunii sudice a Rom\u00e2niei \u0219i prin ei a fost construit drumul care lega Bucure\u0219tiul de Palatul Mogo\u0219oaia (actuala Calea Victoriei, dup\u0103 R\u0103zboiul de Independen\u021b\u0103). Azi au mai r\u0103mas doar urme sporadice ale Codrilor Vlasiei, iar P\u0103durea B\u0103neasa este una dintre ele.<\/p>\n<p>Pu\u021bini \u0219tiu, dar l\u00e2ng\u0103 P\u0103durea B\u0103neasa se afl\u0103 <b>un Mausoleu<\/b> l\u0103sat \u00een paragin\u0103, ridicat de una din cele mai bogate familii din Rom\u00e2nia secolului trecut: <b>familia Blank<\/b>. Aceasta a investit \u00een construirea c\u0103ii ferate, dar \u0219i \u00een sistemul de canalizare al Capitalei.<\/p>\n<p>Cum ajungi la Mausoleu? Acesta se poate observa peste drum pe Academia de Poli\u021bie \u0219i este at\u00e2t de bine ascuns de stejari, \u00eenc\u00e2t doar pietonii \u00eel pot z\u0103ri. F\u0103r\u0103 nicio inscrip\u021bie, cu un lan\u021b gros pus la u\u0219i, vei vedea o cl\u0103dire de c\u0103r\u0103mid\u0103, de p\u00e2n\u0103 la 10m, cu o bolt\u0103 \u00eenalt\u0103, ascuns\u0103 printre ieder\u0103 \u0219i copaci.<\/p>\n<p><b><span style=\"color: #085294;\">Cum se va transforma zona de Nord a ora\u0219ului \u00een urm\u0103torii ani?\u00a0<\/span><\/b><\/p>\n<p>Un <b>nou pol de business<\/b> se eviden\u021biaz\u0103 din ce \u00een ce mai mult \u00een apropiere de Pia\u021ba Presei Libere, zona Expozi\u021biei &#8211; Domenii, iar nout\u0103\u021bile ce vor duce la dezvoltarea ora\u0219ului nu \u00eent\u00e2rzie s\u0103 apar\u0103.<\/p>\n<p>Ora\u0219ul cre\u0219te pe zi ce trece at\u00e2t ca num\u0103r de locuitori, c\u00e2t \u0219i \u00een ceea ce prive\u0219te zonele de locuit \u0219i a noilor proiecte imobiliare dezvoltate \u00een zonele limitrofe ale urbei.<\/p>\n<p>Una din cele mai a\u0219teptate ve\u0219ti se refer\u0103 poate la <b>redeschiderea aeroportului B\u0103neasa<\/b> \u00eencep\u00e2nd cu luna mai a anului viitor (n.r. 2020). Se vor finaliza corpurile A, B \u0219i Rotond\u0103. Pe l\u00e2ng\u0103 amenaj\u0103rile interioare absolut necesare, vor fi \u0219i interven\u021bii care \u021bin de arhitectura cl\u0103dirii, prin respectarea normelor impuse de comisiile de cultur\u0103 pentru un monunet istoric de categoria A.<\/p>\n<p>At\u00e2t Aeroportul B\u0103neasa c\u00e2t \u0219i Otopeni vor fi legate de proiectul <b>Magistralei 6 de Metrou 1 Mai &#8211; Tokyo.\u00a0<\/b><\/p>\n<p>Tot \u00eencep\u00e2nd din 2020 vor \u00eencepe \u0219i lucr\u0103rile de <b>modernizare ale aeroportului Otopeni<\/b>, prin dezvoltarea a dou\u0103 noi terminale, de 18.000 de metri p\u0103tra\u021bi \u0219i 26.000 de c\u0103i de rulare. Proiectul de extindere prevede un nou terminal, o parcare cu 8.000 de locuri, un centru de business de 5.000 mp, un hotel cu 200 de camere, un terminal de pasageri, o platform\u0103 destinat\u0103 transportului cargo \u015fi un metrou intern.<\/p>\n<p>&nbsp;<\/p>\n<p>Practic, aeroportul Otopeni se va dubla dup\u0103 aceast\u0103 extindere. Nu ar trebui s\u0103 ne mire \u00een niciun fel planurile de dezvoltarea ale aeroportului, av\u00e2nd \u00een vedere cre\u0219terea cu 123% a num\u0103rului de pasageri \u00een ultimii zece ani. \u00centr-un an \u00eenseamn\u0103 nu mai pu\u021bin de 14 milioane de oameni care decoleaz\u0103 \u0219i aterizeaz\u0103.<\/p>\n<p>&nbsp;<\/p>\n<p>Av\u00e2nd \u00een vedere cre\u0219terea num\u0103rului de c\u0103l\u0103tori pasiona\u021bi, odat\u0103 cu modernizarea aeroportului este \u00een plan \u0219i <b>extinderea magistralei de metrou M6<\/b>, care face leg\u0103tura Bucurestiului cu aeroportul.<\/p>\n<p>&nbsp;<\/p>\n<p><img decoding=\"async\" style=\"width: 503px; float: right;\" src=\"https:\/\/www.greenfieldresidence.ro\/baneasa\/wp-content\/uploads\/2021\/03\/metrou_dezvoltare.png\" \/>\u0218ase sta\u021bii noi de metrou vor lega 1 Mai de Sta\u021bia Tokyo (zona Mall B\u0103neasa).<br \/>\nInvesti\u021bia de 1.3 miliarde de lei va fi finan\u021bat\u0103 de Comisia European\u0103 \u0219i nu este rambursabil\u0103. Termenul de finalizare: 48 de luni.<\/p>\n<p>Avantajul major al locuitorilor urbei: magistrala M6 va porni efectiv din Gara de Nord \u0219i va ajunge la Otopeni f\u0103r\u0103 s\u0103 fie nevoie schimbarea trenurilor de c\u0103tre c\u0103l\u0103tori.<\/p>\n<p>&nbsp;<\/p>\n<p>Ritmul dezvolt\u0103rii unui ora\u0219 se reflect\u0103 \u0219i \u00een mijloacele de transport \u00een comun pe care locuitorii le pot folosi.<\/p>\n<p>\u0218i dac\u0103 p\u00e2n\u0103 acum am vorbit de traficul pe cale aerian\u0103 \u0219i subteran\u0103, suprateranul nu r\u0103m\u00e2ne nici el \u00een urm\u0103:<\/p>\n<p>planurile viitoare de dezvoltare includ <b><i>redeschiderea G\u0103rii B\u0103neasa<\/i><\/b> din Nordul Capitalei, dar \u0219i <b>o nou\u0103 arter\u0103 cu trei benzi<\/b>, ce va \u00eencepe din Strada Avionului, cartierul Avia\u021biei, va traversa ANL Henri Coand\u0103 apoi va subtraversa prin tunel pista aeroportului B\u0103neasa \u015fi va continua p\u00e2n\u0103 \u00een zona Gr\u0103dinii Zoologice, apoi prin P\u0103durea B\u0103neasa, pe drumul Vadul Moldovei p\u00e2n\u0103 la \u0218oseaua de Centur\u0103.<\/p>\n<p><img loading=\"lazy\" decoding=\"async\" class=\"alignnone\" style=\"width: 50%; float: right;\" src=\"https:\/\/www.greenfieldresidence.ro\/baneasa\/wp-content\/uploads\/2021\/03\/avionuluiscris-copy.jpg\" alt=\"tunel subbteran in Bucuresti\" width=\"620\" height=\"623\" \/>\u00cen tunelul subteran, se va intra din cartierul ANL Henri Coand\u0103, din dreptul pistei aeroportului, \u015fi se va ie\u015fi \u00een spatele complexului comercial B\u0103neasa.<\/p>\n<p>&nbsp;<\/p>\n<p>Pentru locuitorii din Greenfield, aceast\u0103 nou\u0103 arter\u0103 \u00eenseamn\u0103 <b>acces rapid c\u0103tre \u0218oseaua de Centur\u0103<\/b>, dar \u0219i access direct spre cartierul Avia\u021biei.<\/p>\n<p>Pe vremea coanei Mi\u021ba Biciclista, magazinele erau de sine st\u0103t\u0103toare.<\/p>\n<p>\u00cen zilele noastre, <b>Mall B\u0103neasa<\/b> num\u0103r\u0103 364 de magazine, iar planurile de dezvoltare includ un proiect nou, o investi\u021bie de tip greenfield, compus\u0103 din zone comerciale, reziden\u0163ial \u015fi birouri.<\/p>\n<p>Conform unui studiu KPMG realizat \u00een 2017, p\u00e2n\u0103 \u00een 2027 platforma B\u0103neasa poate genera peste 1,9 miliarde de euro \u00een salarii, sus\u0163\u00een\u00e2nd peste 30.000 locuri de munc\u0103 \u00een 2026.<\/p>\n<p>Acesta nu v\u0103 fi \u00eens\u0103 singurul Mall din zon\u0103.<\/p>\n<p>Urmeaz\u0103 a se deschide <a href=\"https:\/\/www.greenfieldresidence.ro\/baneasa\/plaza\/\"><b>Greenfield Plaza<\/b><\/a>, proiect ce are termen de lansare primul trimestru din 2021, pe o suprafa\u021b\u0103 de 17.200 metri p\u0103tra\u021bi, unde se va putea ajunge cu ma\u0219ina personal\u0103, cu transportul \u00een comun \u0219i cu metroul &#8211; accesul se va face de la <b>sta\u021bia Washington<\/b>, a magistralei M6. Proiectul va include zone dedicate comunit\u0103\u021bii cartierului Greenfield Residence. Acestea pot, \u00eens\u0103 deveni de interes \u0219i pentru locuitorii din \u00eemprejurimi, cum sunt cei din Otopeni.<\/p>\n<p><img loading=\"lazy\" decoding=\"async\" class=\"alignnone\" style=\"width: 644px; float: none;\" src=\"https:\/\/www.greenfieldresidence.ro\/baneasa\/wp-content\/uploads\/2021\/03\/Plaza Greenfield.png\" alt=\"complex rezidential in sectorul 1 Bucuresti, Greenfield residence, cu o multime de blocuri noi construite\" width=\"644\" height=\"295\" \/><\/p>\n<p>Inclusiv proiectul reziden\u021bial Greenfield prevede <b>cre\u0219terea num\u0103rului de locuitori la aproape 17.000 persoane p\u00e2n\u0103 \u00een 2028.\u00a0<\/b><\/p>\n<p><b>Ora\u0219ul Bucure\u0219ti<\/b> \u0219i toat\u0103 povestea lui, cu bune cu rele, cu oameni frumo\u0219i, cu zone \u0219i cartiere cu istorii interesante, cu parcuri, cu investi\u021bii pe care acum ceva timp nici nu le puteam imagina, continu\u0103 s\u0103 ne surprind\u0103 \u0219i s\u0103 ne atrag\u0103. Este un ora\u0219 al contradic\u021biilor \u0219i poate tocmai de aceea nu ai cum s\u0103 nu \u00eel iube\u0219ti.<\/p>\n","protected":false},"excerpt":{"rendered":"<p>Poate c\u0103 treci \u00een fiecare zi pe aici, dar \u0219tii povestea care se ascunde \u00een spatele str\u0103du\u021belor din cartierul B\u0103neasa?\u00a0 De la vechea..<\/p>\n","protected":false},"author":6,"featured_media":11701,"comment_status":"open","ping_status":"open","sticky":false,"template":"","format":"standard","meta":{"_acf_changed":false,"footnotes":""},"categories":[3608],"tags":[],"class_list":["post-11700","post","type-post","status-publish","format-standard","has-post-thumbnail","hentry","category-blog"],"acf":[],"yoast_head":"<!-- This site is optimized with the Yoast SEO plugin v27.4 - https:\/\/yoast.com\/product\/yoast-seo-wordpress\/ -->\n<title>Zona reziden\u021bial\u0103 B\u0103neasa. Trecut. Prezent. Viitor. - Greenfield B\u0103neasa<\/title>\n<meta name=\"robots\" content=\"index, follow, max-snippet:-1, max-image-preview:large, max-video-preview:-1\" \/>\n<link rel=\"canonical\" href=\"https:\/\/www.greenfieldresidence.ro\/baneasa\/blog\/zona-rezidentiala-baneasa-trecut-prezent-viitor\/\" \/>\n<meta property=\"og:locale\" content=\"ro_RO\" \/>\n<meta property=\"og:type\" content=\"article\" \/>\n<meta property=\"og:title\" content=\"Zona reziden\u021bial\u0103 B\u0103neasa. Trecut. Prezent. Viitor. - Greenfield B\u0103neasa\" \/>\n<meta property=\"og:description\" content=\"Poate c\u0103 treci \u00een fiecare zi pe aici, dar \u0219tii povestea care se ascunde \u00een spatele str\u0103du\u021belor din cartierul B\u0103neasa?\u00a0 De la vechea..\" \/>\n<meta property=\"og:url\" content=\"https:\/\/www.greenfieldresidence.ro\/baneasa\/blog\/zona-rezidentiala-baneasa-trecut-prezent-viitor\/\" \/>\n<meta property=\"og:site_name\" content=\"Greenfield B\u0103neasa\" \/>\n<meta property=\"article:published_time\" content=\"2019-11-09T13:22:28+00:00\" \/>\n<meta property=\"article:modified_time\" content=\"2022-04-12T11:50:05+00:00\" \/>\n<meta property=\"og:image\" content=\"https:\/\/www.greenfieldresidence.ro\/baneasa\/wp-content\/uploads\/2021\/03\/old-bucharest-1.jpg\" \/>\n\t<meta property=\"og:image:width\" content=\"919\" \/>\n\t<meta property=\"og:image:height\" content=\"768\" \/>\n\t<meta property=\"og:image:type\" content=\"image\/jpeg\" \/>\n<meta name=\"author\" content=\"editor Mgc5\" \/>\n<meta name=\"twitter:card\" content=\"summary_large_image\" \/>\n<meta name=\"twitter:label1\" content=\"Scris de\" \/>\n\t<meta name=\"twitter:data1\" content=\"editor Mgc5\" \/>\n\t<meta name=\"twitter:label2\" content=\"Timp estimat pentru citire\" \/>\n\t<meta name=\"twitter:data2\" content=\"13 minute\" \/>\n<script type=\"application\/ld+json\" class=\"yoast-schema-graph\">{\"@context\":\"https:\\\/\\\/schema.org\",\"@graph\":[{\"@type\":\"Article\",\"@id\":\"https:\\\/\\\/www.greenfieldresidence.ro\\\/baneasa\\\/blog\\\/zona-rezidentiala-baneasa-trecut-prezent-viitor\\\/#article\",\"isPartOf\":{\"@id\":\"https:\\\/\\\/www.greenfieldresidence.ro\\\/baneasa\\\/blog\\\/zona-rezidentiala-baneasa-trecut-prezent-viitor\\\/\"},\"author\":{\"name\":\"editor Mgc5\",\"@id\":\"https:\\\/\\\/www.greenfieldresidence.ro\\\/baneasa\\\/#\\\/schema\\\/person\\\/c70eaf1bde8fe0a9c885649f5363a754\"},\"headline\":\"Zona reziden\u021bial\u0103 B\u0103neasa. Trecut. Prezent. Viitor.\",\"datePublished\":\"2019-11-09T13:22:28+00:00\",\"dateModified\":\"2022-04-12T11:50:05+00:00\",\"mainEntityOfPage\":{\"@id\":\"https:\\\/\\\/www.greenfieldresidence.ro\\\/baneasa\\\/blog\\\/zona-rezidentiala-baneasa-trecut-prezent-viitor\\\/\"},\"wordCount\":2557,\"commentCount\":0,\"publisher\":{\"@id\":\"https:\\\/\\\/www.greenfieldresidence.ro\\\/baneasa\\\/#organization\"},\"image\":{\"@id\":\"https:\\\/\\\/www.greenfieldresidence.ro\\\/baneasa\\\/blog\\\/zona-rezidentiala-baneasa-trecut-prezent-viitor\\\/#primaryimage\"},\"thumbnailUrl\":\"https:\\\/\\\/www.greenfieldresidence.ro\\\/baneasa\\\/wp-content\\\/uploads\\\/2021\\\/03\\\/old-bucharest-1.jpg\",\"articleSection\":[\"Blog\"],\"inLanguage\":\"ro-RO\",\"potentialAction\":[{\"@type\":\"CommentAction\",\"name\":\"Comment\",\"target\":[\"https:\\\/\\\/www.greenfieldresidence.ro\\\/baneasa\\\/blog\\\/zona-rezidentiala-baneasa-trecut-prezent-viitor\\\/#respond\"]}]},{\"@type\":\"WebPage\",\"@id\":\"https:\\\/\\\/www.greenfieldresidence.ro\\\/baneasa\\\/blog\\\/zona-rezidentiala-baneasa-trecut-prezent-viitor\\\/\",\"url\":\"https:\\\/\\\/www.greenfieldresidence.ro\\\/baneasa\\\/blog\\\/zona-rezidentiala-baneasa-trecut-prezent-viitor\\\/\",\"name\":\"Zona reziden\u021bial\u0103 B\u0103neasa. Trecut. Prezent. Viitor. - Greenfield B\u0103neasa\",\"isPartOf\":{\"@id\":\"https:\\\/\\\/www.greenfieldresidence.ro\\\/baneasa\\\/#website\"},\"primaryImageOfPage\":{\"@id\":\"https:\\\/\\\/www.greenfieldresidence.ro\\\/baneasa\\\/blog\\\/zona-rezidentiala-baneasa-trecut-prezent-viitor\\\/#primaryimage\"},\"image\":{\"@id\":\"https:\\\/\\\/www.greenfieldresidence.ro\\\/baneasa\\\/blog\\\/zona-rezidentiala-baneasa-trecut-prezent-viitor\\\/#primaryimage\"},\"thumbnailUrl\":\"https:\\\/\\\/www.greenfieldresidence.ro\\\/baneasa\\\/wp-content\\\/uploads\\\/2021\\\/03\\\/old-bucharest-1.jpg\",\"datePublished\":\"2019-11-09T13:22:28+00:00\",\"dateModified\":\"2022-04-12T11:50:05+00:00\",\"breadcrumb\":{\"@id\":\"https:\\\/\\\/www.greenfieldresidence.ro\\\/baneasa\\\/blog\\\/zona-rezidentiala-baneasa-trecut-prezent-viitor\\\/#breadcrumb\"},\"inLanguage\":\"ro-RO\",\"potentialAction\":[{\"@type\":\"ReadAction\",\"target\":[\"https:\\\/\\\/www.greenfieldresidence.ro\\\/baneasa\\\/blog\\\/zona-rezidentiala-baneasa-trecut-prezent-viitor\\\/\"]}]},{\"@type\":\"ImageObject\",\"inLanguage\":\"ro-RO\",\"@id\":\"https:\\\/\\\/www.greenfieldresidence.ro\\\/baneasa\\\/blog\\\/zona-rezidentiala-baneasa-trecut-prezent-viitor\\\/#primaryimage\",\"url\":\"https:\\\/\\\/www.greenfieldresidence.ro\\\/baneasa\\\/wp-content\\\/uploads\\\/2021\\\/03\\\/old-bucharest-1.jpg\",\"contentUrl\":\"https:\\\/\\\/www.greenfieldresidence.ro\\\/baneasa\\\/wp-content\\\/uploads\\\/2021\\\/03\\\/old-bucharest-1.jpg\",\"width\":919,\"height\":768,\"caption\":\"harta municipiului Bucuresti\"},{\"@type\":\"BreadcrumbList\",\"@id\":\"https:\\\/\\\/www.greenfieldresidence.ro\\\/baneasa\\\/blog\\\/zona-rezidentiala-baneasa-trecut-prezent-viitor\\\/#breadcrumb\",\"itemListElement\":[{\"@type\":\"ListItem\",\"position\":1,\"name\":\"Home\",\"item\":\"https:\\\/\\\/www.greenfieldresidence.ro\\\/baneasa\\\/\"},{\"@type\":\"ListItem\",\"position\":2,\"name\":\"Zona reziden\u021bial\u0103 B\u0103neasa. Trecut. Prezent. Viitor.\"}]},{\"@type\":\"WebSite\",\"@id\":\"https:\\\/\\\/www.greenfieldresidence.ro\\\/baneasa\\\/#website\",\"url\":\"https:\\\/\\\/www.greenfieldresidence.ro\\\/baneasa\\\/\",\"name\":\"Greenfield B\u0103neasa\",\"description\":\"Cartierul \u00eembr\u0103\u021bi\u0219at de p\u0103dure\",\"publisher\":{\"@id\":\"https:\\\/\\\/www.greenfieldresidence.ro\\\/baneasa\\\/#organization\"},\"potentialAction\":[{\"@type\":\"SearchAction\",\"target\":{\"@type\":\"EntryPoint\",\"urlTemplate\":\"https:\\\/\\\/www.greenfieldresidence.ro\\\/baneasa\\\/?s={search_term_string}\"},\"query-input\":{\"@type\":\"PropertyValueSpecification\",\"valueRequired\":true,\"valueName\":\"search_term_string\"}}],\"inLanguage\":\"ro-RO\"},{\"@type\":\"Organization\",\"@id\":\"https:\\\/\\\/www.greenfieldresidence.ro\\\/baneasa\\\/#organization\",\"name\":\"Greenfield B\u0103neasa\",\"url\":\"https:\\\/\\\/www.greenfieldresidence.ro\\\/baneasa\\\/\",\"logo\":{\"@type\":\"ImageObject\",\"inLanguage\":\"ro-RO\",\"@id\":\"https:\\\/\\\/www.greenfieldresidence.ro\\\/baneasa\\\/#\\\/schema\\\/logo\\\/image\\\/\",\"url\":\"https:\\\/\\\/www.greenfieldresidence.ro\\\/baneasa\\\/wp-content\\\/uploads\\\/2020\\\/05\\\/logo.svg\",\"contentUrl\":\"https:\\\/\\\/www.greenfieldresidence.ro\\\/baneasa\\\/wp-content\\\/uploads\\\/2020\\\/05\\\/logo.svg\",\"caption\":\"Greenfield B\u0103neasa\"},\"image\":{\"@id\":\"https:\\\/\\\/www.greenfieldresidence.ro\\\/baneasa\\\/#\\\/schema\\\/logo\\\/image\\\/\"}},{\"@type\":\"Person\",\"@id\":\"https:\\\/\\\/www.greenfieldresidence.ro\\\/baneasa\\\/#\\\/schema\\\/person\\\/c70eaf1bde8fe0a9c885649f5363a754\",\"name\":\"editor Mgc5\",\"image\":{\"@type\":\"ImageObject\",\"inLanguage\":\"ro-RO\",\"@id\":\"https:\\\/\\\/secure.gravatar.com\\\/avatar\\\/832ed902d9f400d1e9b895dc24fb656563279c1514fd24cf32a3f70e8e255236?s=96&d=mm&r=g\",\"url\":\"https:\\\/\\\/secure.gravatar.com\\\/avatar\\\/832ed902d9f400d1e9b895dc24fb656563279c1514fd24cf32a3f70e8e255236?s=96&d=mm&r=g\",\"contentUrl\":\"https:\\\/\\\/secure.gravatar.com\\\/avatar\\\/832ed902d9f400d1e9b895dc24fb656563279c1514fd24cf32a3f70e8e255236?s=96&d=mm&r=g\",\"caption\":\"editor Mgc5\"},\"url\":\"https:\\\/\\\/www.greenfieldresidence.ro\\\/baneasa\\\/author\\\/editormgc5\\\/\"}]}<\/script>\n<!-- \/ Yoast SEO plugin. -->","yoast_head_json":{"title":"Zona reziden\u021bial\u0103 B\u0103neasa. Trecut. Prezent. Viitor. - Greenfield B\u0103neasa","robots":{"index":"index","follow":"follow","max-snippet":"max-snippet:-1","max-image-preview":"max-image-preview:large","max-video-preview":"max-video-preview:-1"},"canonical":"https:\/\/www.greenfieldresidence.ro\/baneasa\/blog\/zona-rezidentiala-baneasa-trecut-prezent-viitor\/","og_locale":"ro_RO","og_type":"article","og_title":"Zona reziden\u021bial\u0103 B\u0103neasa. Trecut. Prezent. Viitor. - Greenfield B\u0103neasa","og_description":"Poate c\u0103 treci \u00een fiecare zi pe aici, dar \u0219tii povestea care se ascunde \u00een spatele str\u0103du\u021belor din cartierul B\u0103neasa?\u00a0 De la vechea..","og_url":"https:\/\/www.greenfieldresidence.ro\/baneasa\/blog\/zona-rezidentiala-baneasa-trecut-prezent-viitor\/","og_site_name":"Greenfield B\u0103neasa","article_published_time":"2019-11-09T13:22:28+00:00","article_modified_time":"2022-04-12T11:50:05+00:00","og_image":[{"width":919,"height":768,"url":"https:\/\/www.greenfieldresidence.ro\/baneasa\/wp-content\/uploads\/2021\/03\/old-bucharest-1.jpg","type":"image\/jpeg"}],"author":"editor Mgc5","twitter_card":"summary_large_image","twitter_misc":{"Scris de":"editor Mgc5","Timp estimat pentru citire":"13 minute"},"schema":{"@context":"https:\/\/schema.org","@graph":[{"@type":"Article","@id":"https:\/\/www.greenfieldresidence.ro\/baneasa\/blog\/zona-rezidentiala-baneasa-trecut-prezent-viitor\/#article","isPartOf":{"@id":"https:\/\/www.greenfieldresidence.ro\/baneasa\/blog\/zona-rezidentiala-baneasa-trecut-prezent-viitor\/"},"author":{"name":"editor Mgc5","@id":"https:\/\/www.greenfieldresidence.ro\/baneasa\/#\/schema\/person\/c70eaf1bde8fe0a9c885649f5363a754"},"headline":"Zona reziden\u021bial\u0103 B\u0103neasa. Trecut. Prezent. Viitor.","datePublished":"2019-11-09T13:22:28+00:00","dateModified":"2022-04-12T11:50:05+00:00","mainEntityOfPage":{"@id":"https:\/\/www.greenfieldresidence.ro\/baneasa\/blog\/zona-rezidentiala-baneasa-trecut-prezent-viitor\/"},"wordCount":2557,"commentCount":0,"publisher":{"@id":"https:\/\/www.greenfieldresidence.ro\/baneasa\/#organization"},"image":{"@id":"https:\/\/www.greenfieldresidence.ro\/baneasa\/blog\/zona-rezidentiala-baneasa-trecut-prezent-viitor\/#primaryimage"},"thumbnailUrl":"https:\/\/www.greenfieldresidence.ro\/baneasa\/wp-content\/uploads\/2021\/03\/old-bucharest-1.jpg","articleSection":["Blog"],"inLanguage":"ro-RO","potentialAction":[{"@type":"CommentAction","name":"Comment","target":["https:\/\/www.greenfieldresidence.ro\/baneasa\/blog\/zona-rezidentiala-baneasa-trecut-prezent-viitor\/#respond"]}]},{"@type":"WebPage","@id":"https:\/\/www.greenfieldresidence.ro\/baneasa\/blog\/zona-rezidentiala-baneasa-trecut-prezent-viitor\/","url":"https:\/\/www.greenfieldresidence.ro\/baneasa\/blog\/zona-rezidentiala-baneasa-trecut-prezent-viitor\/","name":"Zona reziden\u021bial\u0103 B\u0103neasa. Trecut. Prezent. Viitor. - Greenfield B\u0103neasa","isPartOf":{"@id":"https:\/\/www.greenfieldresidence.ro\/baneasa\/#website"},"primaryImageOfPage":{"@id":"https:\/\/www.greenfieldresidence.ro\/baneasa\/blog\/zona-rezidentiala-baneasa-trecut-prezent-viitor\/#primaryimage"},"image":{"@id":"https:\/\/www.greenfieldresidence.ro\/baneasa\/blog\/zona-rezidentiala-baneasa-trecut-prezent-viitor\/#primaryimage"},"thumbnailUrl":"https:\/\/www.greenfieldresidence.ro\/baneasa\/wp-content\/uploads\/2021\/03\/old-bucharest-1.jpg","datePublished":"2019-11-09T13:22:28+00:00","dateModified":"2022-04-12T11:50:05+00:00","breadcrumb":{"@id":"https:\/\/www.greenfieldresidence.ro\/baneasa\/blog\/zona-rezidentiala-baneasa-trecut-prezent-viitor\/#breadcrumb"},"inLanguage":"ro-RO","potentialAction":[{"@type":"ReadAction","target":["https:\/\/www.greenfieldresidence.ro\/baneasa\/blog\/zona-rezidentiala-baneasa-trecut-prezent-viitor\/"]}]},{"@type":"ImageObject","inLanguage":"ro-RO","@id":"https:\/\/www.greenfieldresidence.ro\/baneasa\/blog\/zona-rezidentiala-baneasa-trecut-prezent-viitor\/#primaryimage","url":"https:\/\/www.greenfieldresidence.ro\/baneasa\/wp-content\/uploads\/2021\/03\/old-bucharest-1.jpg","contentUrl":"https:\/\/www.greenfieldresidence.ro\/baneasa\/wp-content\/uploads\/2021\/03\/old-bucharest-1.jpg","width":919,"height":768,"caption":"harta municipiului Bucuresti"},{"@type":"BreadcrumbList","@id":"https:\/\/www.greenfieldresidence.ro\/baneasa\/blog\/zona-rezidentiala-baneasa-trecut-prezent-viitor\/#breadcrumb","itemListElement":[{"@type":"ListItem","position":1,"name":"Home","item":"https:\/\/www.greenfieldresidence.ro\/baneasa\/"},{"@type":"ListItem","position":2,"name":"Zona reziden\u021bial\u0103 B\u0103neasa. Trecut. Prezent. Viitor."}]},{"@type":"WebSite","@id":"https:\/\/www.greenfieldresidence.ro\/baneasa\/#website","url":"https:\/\/www.greenfieldresidence.ro\/baneasa\/","name":"Greenfield B\u0103neasa","description":"Cartierul \u00eembr\u0103\u021bi\u0219at de p\u0103dure","publisher":{"@id":"https:\/\/www.greenfieldresidence.ro\/baneasa\/#organization"},"potentialAction":[{"@type":"SearchAction","target":{"@type":"EntryPoint","urlTemplate":"https:\/\/www.greenfieldresidence.ro\/baneasa\/?s={search_term_string}"},"query-input":{"@type":"PropertyValueSpecification","valueRequired":true,"valueName":"search_term_string"}}],"inLanguage":"ro-RO"},{"@type":"Organization","@id":"https:\/\/www.greenfieldresidence.ro\/baneasa\/#organization","name":"Greenfield B\u0103neasa","url":"https:\/\/www.greenfieldresidence.ro\/baneasa\/","logo":{"@type":"ImageObject","inLanguage":"ro-RO","@id":"https:\/\/www.greenfieldresidence.ro\/baneasa\/#\/schema\/logo\/image\/","url":"https:\/\/www.greenfieldresidence.ro\/baneasa\/wp-content\/uploads\/2020\/05\/logo.svg","contentUrl":"https:\/\/www.greenfieldresidence.ro\/baneasa\/wp-content\/uploads\/2020\/05\/logo.svg","caption":"Greenfield B\u0103neasa"},"image":{"@id":"https:\/\/www.greenfieldresidence.ro\/baneasa\/#\/schema\/logo\/image\/"}},{"@type":"Person","@id":"https:\/\/www.greenfieldresidence.ro\/baneasa\/#\/schema\/person\/c70eaf1bde8fe0a9c885649f5363a754","name":"editor Mgc5","image":{"@type":"ImageObject","inLanguage":"ro-RO","@id":"https:\/\/secure.gravatar.com\/avatar\/832ed902d9f400d1e9b895dc24fb656563279c1514fd24cf32a3f70e8e255236?s=96&d=mm&r=g","url":"https:\/\/secure.gravatar.com\/avatar\/832ed902d9f400d1e9b895dc24fb656563279c1514fd24cf32a3f70e8e255236?s=96&d=mm&r=g","contentUrl":"https:\/\/secure.gravatar.com\/avatar\/832ed902d9f400d1e9b895dc24fb656563279c1514fd24cf32a3f70e8e255236?s=96&d=mm&r=g","caption":"editor Mgc5"},"url":"https:\/\/www.greenfieldresidence.ro\/baneasa\/author\/editormgc5\/"}]}},"fimg_url":"https:\/\/www.greenfieldresidence.ro\/baneasa\/wp-content\/uploads\/2021\/03\/old-bucharest-1.jpg","_links":{"self":[{"href":"https:\/\/www.greenfieldresidence.ro\/baneasa\/wp-json\/wp\/v2\/posts\/11700","targetHints":{"allow":["GET"]}}],"collection":[{"href":"https:\/\/www.greenfieldresidence.ro\/baneasa\/wp-json\/wp\/v2\/posts"}],"about":[{"href":"https:\/\/www.greenfieldresidence.ro\/baneasa\/wp-json\/wp\/v2\/types\/post"}],"author":[{"embeddable":true,"href":"https:\/\/www.greenfieldresidence.ro\/baneasa\/wp-json\/wp\/v2\/users\/6"}],"replies":[{"embeddable":true,"href":"https:\/\/www.greenfieldresidence.ro\/baneasa\/wp-json\/wp\/v2\/comments?post=11700"}],"version-history":[{"count":2,"href":"https:\/\/www.greenfieldresidence.ro\/baneasa\/wp-json\/wp\/v2\/posts\/11700\/revisions"}],"predecessor-version":[{"id":17315,"href":"https:\/\/www.greenfieldresidence.ro\/baneasa\/wp-json\/wp\/v2\/posts\/11700\/revisions\/17315"}],"wp:featuredmedia":[{"embeddable":true,"href":"https:\/\/www.greenfieldresidence.ro\/baneasa\/wp-json\/wp\/v2\/media\/11701"}],"wp:attachment":[{"href":"https:\/\/www.greenfieldresidence.ro\/baneasa\/wp-json\/wp\/v2\/media?parent=11700"}],"wp:term":[{"taxonomy":"category","embeddable":true,"href":"https:\/\/www.greenfieldresidence.ro\/baneasa\/wp-json\/wp\/v2\/categories?post=11700"},{"taxonomy":"post_tag","embeddable":true,"href":"https:\/\/www.greenfieldresidence.ro\/baneasa\/wp-json\/wp\/v2\/tags?post=11700"}],"curies":[{"name":"wp","href":"https:\/\/api.w.org\/{rel}","templated":true}]}}